{"id":83,"date":"2017-06-08T12:21:00","date_gmt":"2017-06-08T12:21:00","guid":{"rendered":"http:\/\/www.encanto.biz\/blog\/uncategorized\/giornalisti-italiani-usano-di-media-piu-di-3-social-network-diversi-facebook-la-prima-fonte-di-informazione\/"},"modified":"2020-11-23T11:01:07","modified_gmt":"2020-11-23T11:01:07","slug":"giornalisti-italiani-usano-di-media-piu-di-3-social-network-diversi-facebook-la-prima-fonte-di-informazione","status":"publish","type":"post","link":"https:\/\/www.encanto.biz\/blog\/giornalisti-italiani-usano-di-media-piu-di-3-social-network-diversi-facebook-la-prima-fonte-di-informazione\/","title":{"rendered":"Giornalisti italiani, usano di media pi\u00f9 di 3 social network diversi Facebook la prima fonte di informazione"},"content":{"rendered":"<div style=\"text-align: center;\"><i><span style=\"font-family: Helvetica Neue, Arial, Helvetica, sans-serif;\">&nbsp;\u201cAudit Italian Press\u201d, l\u2019indagine qualitativa dell\u2019Istituto Ix\u00e8 con il supporto di Encanto Public Relations e la community GiornalistiSocial su un campione di 300 giornalisti italiani, la fotografia di come utilizzano i social network<\/span><\/i><\/div>\n<div style=\"text-align: justify;\"><\/div>\n<div style=\"clear: both; text-align: center;\"><a href=\"https:\/\/1.bp.blogspot.com\/-JlG05k9dXaQ\/WTkDbKufH0I\/AAAAAAAABEI\/7WXMTXFEL3UBbwpna832e553HlmJqxFDgCLcB\/s1600\/18952612_1645179555492762_5796490403338059900_n.jpg\" style=\"margin-left: 1em; margin-right: 1em;\"><img loading=\"lazy\" data-original-height=\"617\" data-original-width=\"960\" src=\"https:\/\/1.bp.blogspot.com\/-JlG05k9dXaQ\/WTkDbKufH0I\/AAAAAAAABEI\/7WXMTXFEL3UBbwpna832e553HlmJqxFDgCLcB\/s640\/18952612_1645179555492762_5796490403338059900_n.jpg\" width=\"640\" height=\"410\" border=\"0\"><\/a><\/div>\n<div style=\"text-align: justify; text-justify: inter-ideograph;\"><span style=\"font-family: Helvetica Neue, Arial, Helvetica, sans-serif;\"><br \/>\n<\/span><\/div>\n<div style=\"text-align: justify; text-justify: inter-ideograph;\"><span style=\"font-family: Helvetica Neue, Arial, Helvetica, sans-serif;\">\u201cAudit Italian Press\u201d, si \u00e8 conclusa almeno per il 2017 l\u2019indagine qualitativa dell\u2019<a href=\"http:\/\/www.istitutoixe.it\/\" target=\"_blank\" rel=\"noopener noreferrer\">Istituto Ix\u00e8<\/a> con il supporto di Encanto Public Relations e della comunity <a href=\"http:\/\/www.giornalistisocial.it\/\" target=\"_blank\" rel=\"noopener noreferrer\">GiornalistiSocial<\/a>, la prima fotografia di come i giornalisti italiani utilizzano i social network nel loro lavoro.<o:p><\/o:p><\/span><\/div>\n<div style=\"text-align: justify; text-autospace: ideograph-numeric; text-justify: inter-ideograph;\"><span style=\"font-family: &quot;trebuchet ms&quot; , sans-serif;\"><span style=\"font-family: Helvetica Neue, Arial, Helvetica, sans-serif;\">I giornalisti intervistati \u2013 un campione di 300 professionisti &#8211; utilizzano mediamente 3.4 social network diversi.<\/span><span style=\"font-family: trebuchet ms, sans-serif;\"><o:p><\/o:p><\/span><\/span><\/div>\n<div style=\"text-align: justify; text-autospace: ideograph-numeric; text-justify: inter-ideograph;\"><\/div>\n<div style=\"text-align: justify; text-autospace: ideograph-numeric; text-justify: inter-ideograph;\"><span style=\"font-family: &quot;trebuchet ms&quot; , sans-serif;\"><a href=\"http:\/\/www.spotandweb.it\/wp-content\/uploads\/2017\/06\/State-of-themedia-2-rel.pdf\" target=\"_blank\" rel=\"noopener noreferrer\"><span style=\"font-family: trebuchet ms, sans-serif;\">A<\/span><span style=\"font-family: Helvetica Neue, Arial, Helvetica, sans-serif;\"> questo link \u00e8 disponibile la ricerca completa<\/span><\/a><\/span><br \/>\n<span style=\"font-family: Helvetica Neue, Arial, Helvetica, sans-serif;\"><span style=\"font-family: &quot;trebuchet ms&quot; , sans-serif;\"><br \/>\n<\/span><span style=\"font-family: &quot;trebuchet ms&quot; , sans-serif;\">Il social pi\u00f9 utilizzato, da oltre 9 giornalisti su 10 \u00e8 Facebook, seguito da Twitter, oltre 8 giornalisti su 10; YouTube \u00e8 frequentato da meno di 6 giornalisti su 10, Linkedin e Instagram sono utilizzati da meno della met\u00e0 dei professionisti.<o:p><\/o:p><\/span><\/span><\/div>\n<div style=\"text-align: justify; text-justify: inter-ideograph;\"><span style=\"font-family: Helvetica Neue, Arial, Helvetica, sans-serif;\"><br \/>\n<\/span><\/div>\n<div style=\"text-align: justify; text-justify: inter-ideograph;\">\n<div style=\"clear: both; text-align: center;\"><a href=\"https:\/\/3.bp.blogspot.com\/-L6kfvj0k74Q\/WTlPY4E8biI\/AAAAAAAABEY\/cbJ5Njk6P183HCTk7NVBqdZwpc4HdvHiQCLcB\/s1600\/DSC_1073.JPG\" style=\"margin-left: 1em; margin-right: 1em;\"><span style=\"font-family: Helvetica Neue, Arial, Helvetica, sans-serif;\"><img loading=\"lazy\" data-original-height=\"1068\" data-original-width=\"1600\" src=\"https:\/\/3.bp.blogspot.com\/-L6kfvj0k74Q\/WTlPY4E8biI\/AAAAAAAABEY\/cbJ5Njk6P183HCTk7NVBqdZwpc4HdvHiQCLcB\/s640\/DSC_1073.JPG\" width=\"640\" height=\"425\" border=\"0\"><\/span><\/a><\/div>\n<p><span style=\"font-family: Helvetica Neue, Arial, Helvetica, sans-serif;\"><span style=\"font-family: &quot;trebuchet ms&quot; , sans-serif;\"><br \/>\n<\/span><span style=\"font-family: &quot;trebuchet ms&quot; , sans-serif;\">Il 91% dei giornalisti italiani dichiara di utilizzare Facebook per raccogliere informazioni: per il monitoraggio dell\u2019opinione pubblica, la ricerca di storie, la verifica dei fatti e il loro approfondimento e per&nbsp; venire a conoscenza di lanci e notizie da uffici stampa.<o:p><\/o:p><\/span><\/span><\/p>\n<\/div>\n<div style=\"text-align: justify; text-justify: inter-ideograph;\"><span style=\"font-family: Helvetica Neue, Arial, Helvetica, sans-serif;\">Al secondo posto (85%) per promuovere il proprio lavoro, fare marketing per il proprio giornale e per costruire relazioni.<o:p><\/o:p><\/span><\/div>\n<div style=\"text-align: justify; text-justify: inter-ideograph;\"><span style=\"font-family: Helvetica Neue, Arial, Helvetica, sans-serif;\"><br \/>\n<\/span><\/div>\n<div style=\"text-align: justify; text-justify: inter-ideograph;\"><span style=\"font-family: Helvetica Neue, Arial, Helvetica, sans-serif;\">L\u2019utilizzo come fonte di immagini, video e materiale crowdsourcing investe circa 1\/3 dei professionisti.<o:p><\/o:p><\/span><\/div>\n<div style=\"text-align: justify; text-justify: inter-ideograph;\"><span style=\"font-family: Helvetica Neue, Arial, Helvetica, sans-serif;\"><br \/>\n<\/span><\/div>\n<div style=\"text-align: justify; text-justify: inter-ideograph;\"><span style=\"font-family: Helvetica Neue, Arial, Helvetica, sans-serif;\">Nel futuro i giornalisti interpellati prevedono una crescita pressoch\u00e9 sintonica con la diffusione attuale dell\u2019utilizzo, che non prefigura grandi cambiamenti, con Facebook al primo posto, seguito da Twitter, fatto salvo per una rimonta di Instagram rispetto a YouTube. Met\u00e0 dei giornalisti ritiene i social fonti di informazione affidabili, l\u2019altra met\u00e0 ne dubita<i>. <\/i><o:p><\/o:p><\/span><\/div>\n<div style=\"text-align: justify; text-autospace: ideograph-numeric; text-justify: inter-ideograph;\"><span style=\"font-family: Helvetica Neue, Arial, Helvetica, sans-serif;\"><br \/>\n<\/span><\/div>\n<div style=\"text-align: justify; text-autospace: ideograph-numeric; text-justify: inter-ideograph;\"><span style=\"font-family: Helvetica Neue, Arial, Helvetica, sans-serif;\">9 giornalisti su 10 asseriscono quasi univocamente di pubblicare notizie verificate e complete piuttosto che inseguire lo scoop solo per essere i primi. Il 38% dei giornalisti dichiara di sentirsi, almeno in alcune occasioni, obsoleto, poco al passo con i tempi. Il dato \u00e8, in parte, correlato all\u2019et\u00e0. Quasi 6 su 10 invece si sentono in linea con le nuove tendenze.<o:p><\/o:p><\/span><\/div>\n<div style=\"text-align: justify; text-autospace: ideograph-numeric; text-justify: inter-ideograph;\"><span style=\"font-family: Helvetica Neue, Arial, Helvetica, sans-serif;\"><br \/>\n<\/span><\/div>\n<div style=\"text-align: justify; text-autospace: ideograph-numeric; text-justify: inter-ideograph;\"><span style=\"font-family: Helvetica Neue, Arial, Helvetica, sans-serif;\">Il giornale di carta sembra avere ancora lunga vita per la gran parte dei giornalisti. Il 33% \u00e8 sicuro che ci sar\u00e0 ancora tra 10 anni, un ulteriore 44% ritiene probabile questo scenario.<o:p><\/o:p><\/span><\/div>\n<div style=\"text-align: justify; text-autospace: ideograph-numeric; text-justify: inter-ideograph;\"><span style=\"font-family: Helvetica Neue, Arial, Helvetica, sans-serif;\">4 giornalisti su 10 non suggerirebbero ad un giovane di intraprendere la carriera di giornalista, 4 su 10 la consiglierebbero, in particolar modo gli over 64enni.<o:p><\/o:p><\/span><\/div>\n<div style=\"text-align: justify; text-autospace: ideograph-numeric; text-justify: inter-ideograph;\"><span style=\"font-family: Helvetica Neue, Arial, Helvetica, sans-serif;\"><br \/>\n<\/span><\/div>\n<div style=\"text-align: justify; text-autospace: ideograph-numeric; text-justify: inter-ideograph;\">\n<div style=\"clear: both; text-align: center;\"><a href=\"https:\/\/2.bp.blogspot.com\/-SQQSQ8yJTp4\/WTlP-W8so6I\/AAAAAAAABEg\/p1lLZV-oNBgYpiHYLu8-NI9DzCmdVm56ACLcB\/s1600\/DSC_1054.JPG\" style=\"margin-left: 1em; margin-right: 1em;\"><span style=\"font-family: Helvetica Neue, Arial, Helvetica, sans-serif;\"><img loading=\"lazy\" data-original-height=\"1068\" data-original-width=\"1600\" src=\"https:\/\/2.bp.blogspot.com\/-SQQSQ8yJTp4\/WTlP-W8so6I\/AAAAAAAABEg\/p1lLZV-oNBgYpiHYLu8-NI9DzCmdVm56ACLcB\/s640\/DSC_1054.JPG\" width=\"640\" height=\"426\" border=\"0\"><\/span><\/a><\/div>\n<p><span style=\"font-family: Helvetica Neue, Arial, Helvetica, sans-serif;\"><span style=\"font-family: &quot;trebuchet ms&quot; , sans-serif;\"><br \/>\n<\/span><span style=\"font-family: &quot;trebuchet ms&quot; , sans-serif;\">Grandissima parte dei giornalisti intervistati \u00e8 convinta che il successo della professione sar\u00e0 legato ad una sempre maggiore integrazione multimediale che leghi assieme testi scritti, immagini, video, podcast e social, per offrire un prodotto comprensibile e ricco di informazioni.<\/span><\/span><\/p>\n<\/div>\n<div style=\"text-align: justify; text-autospace: ideograph-numeric; text-justify: inter-ideograph;\"><span style=\"font-family: Helvetica Neue, Arial, Helvetica, sans-serif;\"><br \/>\n<\/span><\/div>\n<div style=\"text-align: justify; text-autospace: ideograph-numeric; text-justify: inter-ideograph;\"><span style=\"font-family: Helvetica Neue, Arial, Helvetica, sans-serif;\">Oltre met\u00e0 dei giornalisti condivide, per lo pi\u00f9 con rammarico, la previsione che in futuro la distinzione tra media tradizionali e social media, tra contenuti e pubblicit\u00e0, giornalista e marchio saranno meno evidenti e meno importanti.<o:p><\/o:p><\/span><\/div>\n<div style=\"text-align: justify; text-justify: inter-ideograph;\"><span style=\"font-family: Helvetica Neue, Arial, Helvetica, sans-serif;\"><br \/>\n<\/span><\/div>\n<div style=\"text-align: justify; text-justify: inter-ideograph;\">\n<div style=\"clear: both; text-align: center;\"><span style=\"font-family: Helvetica Neue, Arial, Helvetica, sans-serif;\"><br \/>\n<\/span><\/div>\n<div style=\"clear: both; text-align: center;\"><a href=\"https:\/\/4.bp.blogspot.com\/-uFkKfLw3FCc\/WTlQP1ekWaI\/AAAAAAAABEk\/mgKX_3Hglzw8QEYcp2uZF7ghAWHKfPPZACLcB\/s1600\/gazzini.jpg\" style=\"clear: left; float: left; margin-bottom: 1em; margin-right: 1em;\"><span style=\"font-family: Helvetica Neue, Arial, Helvetica, sans-serif;\"><img loading=\"lazy\" data-original-height=\"960\" data-original-width=\"720\" src=\"https:\/\/4.bp.blogspot.com\/-uFkKfLw3FCc\/WTlQP1ekWaI\/AAAAAAAABEk\/mgKX_3Hglzw8QEYcp2uZF7ghAWHKfPPZACLcB\/s320\/gazzini.jpg\" width=\"240\" height=\"320\" border=\"0\"><\/span><\/a><\/div>\n<p><span style=\"font-family: Helvetica Neue, Arial, Helvetica, sans-serif;\">\u201cNel nostro lavoro \u2013 dichiara Roberto Gazzini titolare di Encanto Public Relations &#8211;&nbsp; sono i nostri principali interlocutori. Conoscere in modo approfondito come&nbsp; cambia il loro comportamento ci offre la possibilit\u00e0 di capire meglio i&nbsp; nuovi bisogni e quindi di trovare nuovi modi per rapportarci e interloquire con loro \u201d.<o:p><\/o:p><\/span><\/p>\n<\/div>\n<div style=\"text-align: justify; text-justify: inter-ideograph;\"><span style=\"font-family: Helvetica Neue, Arial, Helvetica, sans-serif;\"><br \/>\n<\/span><\/div>\n<div style=\"text-align: justify; text-justify: inter-ideograph;\"><span style=\"font-family: Helvetica Neue, Arial, Helvetica, sans-serif;\">\u201cQuesto \u00e8 il decennio dello storytelling \u2013 osserva Margherita Sartorio Mengotti, amministratore delegato di Ix\u00e8 &#8211;&nbsp; costruiamo narrazioni di brand, di company e di singoli personaggi, ed i giornalisti, pi\u00f9 di ogni altro professionista, sanno che i social sono un ottimo luogo per fare una narrazione di s\u00e9. Quindi i social sono impiegati dai giornalisti per trovare racconti, informazioni, stimoli e parimenti per promuoversi\u201d.<o:p><\/o:p><\/span><\/div>\n<div style=\"text-align: justify; text-justify: inter-ideograph;\"><span style=\"font-family: Helvetica Neue, Arial, Helvetica, sans-serif;\"><br \/>\n<\/span><\/div>\n<div style=\"text-align: justify; text-justify: inter-ideograph;\"><span style=\"font-family: Helvetica Neue, Arial, Helvetica, sans-serif;\"><span style=\"font-family: &quot;trebuchet ms&quot; , sans-serif;\">\u201cL\u2019indagine \u2013 conclude Andrea Tortelli, fondatore di GiornalistiSocial.it e direttore di <a href=\"http:\/\/bsnews.it\/\">BsNews.it<\/a> \u2013 dimostra che anche i giornalisti italiani si stanno adeguando ai tempi. In un paese in cui Facebook \u00e8 gi\u00e0 di fatto la prima fonde di informazione per i lettori, ora la sfida (per nulla scontata) dei giornalisti \u00e8 quella di trasformarsi da vittime dei social a protagonisti, cogliendo a pieno le potenzialit\u00e0 dei nuovi strumenti editoriali\u201d.<\/span><o:p><\/o:p><\/span><\/div>\n<p><span style=\"font-family: Helvetica Neue, Arial, Helvetica, sans-serif;\"><br \/>\n<\/span><\/p>\n<div style=\"text-align: justify; text-justify: inter-ideograph;\"><\/div>\n","protected":false},"excerpt":{"rendered":"<p>&nbsp;\u201cAudit Italian Press\u201d, l\u2019indagine qualitativa dell\u2019Istituto Ix\u00e8 con il supporto di Encanto Public Relations e<\/p>\n","protected":false},"author":1,"featured_media":0,"comment_status":"closed","ping_status":"open","sticky":false,"template":"","format":"standard","meta":[],"categories":[2800],"tags":[],"yoast_head":"<!-- This site is optimized with the Yoast SEO plugin v16.2 - https:\/\/yoast.com\/wordpress\/plugins\/seo\/ -->\n<title>Giornalisti italiani, usano di media pi\u00f9 di 3 social network diversi Facebook la prima fonte di informazione - Encanto PR Blog<\/title>\n<meta name=\"robots\" content=\"index, follow, max-snippet:-1, max-image-preview:large, max-video-preview:-1\" \/>\n<link rel=\"canonical\" href=\"https:\/\/www.encanto.biz\/blog\/giornalisti-italiani-usano-di-media-piu-di-3-social-network-diversi-facebook-la-prima-fonte-di-informazione\/\" \/>\n<meta property=\"og:locale\" content=\"it_IT\" \/>\n<meta property=\"og:type\" content=\"article\" \/>\n<meta property=\"og:title\" content=\"Giornalisti italiani, usano di media pi\u00f9 di 3 social network diversi Facebook la prima fonte di informazione - Encanto PR Blog\" \/>\n<meta property=\"og:description\" content=\"&nbsp;\u201cAudit Italian Press\u201d, l\u2019indagine qualitativa dell\u2019Istituto Ix\u00e8 con il supporto di Encanto Public Relations e\" \/>\n<meta property=\"og:url\" content=\"https:\/\/www.encanto.biz\/blog\/giornalisti-italiani-usano-di-media-piu-di-3-social-network-diversi-facebook-la-prima-fonte-di-informazione\/\" \/>\n<meta property=\"og:site_name\" content=\"Encanto PR Blog\" \/>\n<meta property=\"article:published_time\" content=\"2017-06-08T12:21:00+00:00\" \/>\n<meta property=\"article:modified_time\" content=\"2020-11-23T11:01:07+00:00\" \/>\n<meta property=\"og:image\" content=\"https:\/\/1.bp.blogspot.com\/-JlG05k9dXaQ\/WTkDbKufH0I\/AAAAAAAABEI\/7WXMTXFEL3UBbwpna832e553HlmJqxFDgCLcB\/s640\/18952612_1645179555492762_5796490403338059900_n.jpg\" \/>\n<meta name=\"twitter:card\" content=\"summary_large_image\" \/>\n<meta name=\"twitter:label1\" content=\"Tempo di lettura stimato\">\n\t<meta name=\"twitter:data1\" content=\"3 minuti\">\n<script type=\"application\/ld+json\" class=\"yoast-schema-graph\">{\"@context\":\"https:\/\/schema.org\",\"@graph\":[{\"@type\":\"WebSite\",\"@id\":\"https:\/\/www.encanto.biz\/blog\/#website\",\"url\":\"https:\/\/www.encanto.biz\/blog\/\",\"name\":\"Encanto PR Blog\",\"description\":\"The business value of your good stories\",\"potentialAction\":[{\"@type\":\"SearchAction\",\"target\":\"https:\/\/www.encanto.biz\/blog\/?s={search_term_string}\",\"query-input\":\"required name=search_term_string\"}],\"inLanguage\":\"it-IT\"},{\"@type\":\"ImageObject\",\"@id\":\"https:\/\/www.encanto.biz\/blog\/giornalisti-italiani-usano-di-media-piu-di-3-social-network-diversi-facebook-la-prima-fonte-di-informazione\/#primaryimage\",\"inLanguage\":\"it-IT\",\"url\":\"https:\/\/1.bp.blogspot.com\/-JlG05k9dXaQ\/WTkDbKufH0I\/AAAAAAAABEI\/7WXMTXFEL3UBbwpna832e553HlmJqxFDgCLcB\/s640\/18952612_1645179555492762_5796490403338059900_n.jpg\",\"contentUrl\":\"https:\/\/1.bp.blogspot.com\/-JlG05k9dXaQ\/WTkDbKufH0I\/AAAAAAAABEI\/7WXMTXFEL3UBbwpna832e553HlmJqxFDgCLcB\/s640\/18952612_1645179555492762_5796490403338059900_n.jpg\"},{\"@type\":\"WebPage\",\"@id\":\"https:\/\/www.encanto.biz\/blog\/giornalisti-italiani-usano-di-media-piu-di-3-social-network-diversi-facebook-la-prima-fonte-di-informazione\/#webpage\",\"url\":\"https:\/\/www.encanto.biz\/blog\/giornalisti-italiani-usano-di-media-piu-di-3-social-network-diversi-facebook-la-prima-fonte-di-informazione\/\",\"name\":\"Giornalisti italiani, usano di media pi\\u00f9 di 3 social network diversi Facebook la prima fonte di informazione - Encanto PR Blog\",\"isPartOf\":{\"@id\":\"https:\/\/www.encanto.biz\/blog\/#website\"},\"primaryImageOfPage\":{\"@id\":\"https:\/\/www.encanto.biz\/blog\/giornalisti-italiani-usano-di-media-piu-di-3-social-network-diversi-facebook-la-prima-fonte-di-informazione\/#primaryimage\"},\"datePublished\":\"2017-06-08T12:21:00+00:00\",\"dateModified\":\"2020-11-23T11:01:07+00:00\",\"author\":{\"@id\":\"https:\/\/www.encanto.biz\/blog\/#\/schema\/person\/cda125db4047344d9c95b1075092385b\"},\"breadcrumb\":{\"@id\":\"https:\/\/www.encanto.biz\/blog\/giornalisti-italiani-usano-di-media-piu-di-3-social-network-diversi-facebook-la-prima-fonte-di-informazione\/#breadcrumb\"},\"inLanguage\":\"it-IT\",\"potentialAction\":[{\"@type\":\"ReadAction\",\"target\":[\"https:\/\/www.encanto.biz\/blog\/giornalisti-italiani-usano-di-media-piu-di-3-social-network-diversi-facebook-la-prima-fonte-di-informazione\/\"]}]},{\"@type\":\"BreadcrumbList\",\"@id\":\"https:\/\/www.encanto.biz\/blog\/giornalisti-italiani-usano-di-media-piu-di-3-social-network-diversi-facebook-la-prima-fonte-di-informazione\/#breadcrumb\",\"itemListElement\":[{\"@type\":\"ListItem\",\"position\":1,\"item\":{\"@type\":\"WebPage\",\"@id\":\"https:\/\/www.encanto.biz\/blog\/\",\"url\":\"https:\/\/www.encanto.biz\/blog\/\",\"name\":\"Home\"}},{\"@type\":\"ListItem\",\"position\":2,\"item\":{\"@id\":\"https:\/\/www.encanto.biz\/blog\/giornalisti-italiani-usano-di-media-piu-di-3-social-network-diversi-facebook-la-prima-fonte-di-informazione\/#webpage\"}}]},{\"@type\":\"Person\",\"@id\":\"https:\/\/www.encanto.biz\/blog\/#\/schema\/person\/cda125db4047344d9c95b1075092385b\",\"name\":\"Encanto\",\"sameAs\":[\"http:\/\/www.encanto.biz\/blog\"]}]}<\/script>\n<!-- \/ Yoast SEO plugin. -->","_links":{"self":[{"href":"https:\/\/www.encanto.biz\/blog\/wp-json\/wp\/v2\/posts\/83"}],"collection":[{"href":"https:\/\/www.encanto.biz\/blog\/wp-json\/wp\/v2\/posts"}],"about":[{"href":"https:\/\/www.encanto.biz\/blog\/wp-json\/wp\/v2\/types\/post"}],"author":[{"embeddable":true,"href":"https:\/\/www.encanto.biz\/blog\/wp-json\/wp\/v2\/users\/1"}],"replies":[{"embeddable":true,"href":"https:\/\/www.encanto.biz\/blog\/wp-json\/wp\/v2\/comments?post=83"}],"version-history":[{"count":1,"href":"https:\/\/www.encanto.biz\/blog\/wp-json\/wp\/v2\/posts\/83\/revisions"}],"predecessor-version":[{"id":806,"href":"https:\/\/www.encanto.biz\/blog\/wp-json\/wp\/v2\/posts\/83\/revisions\/806"}],"wp:attachment":[{"href":"https:\/\/www.encanto.biz\/blog\/wp-json\/wp\/v2\/media?parent=83"}],"wp:term":[{"taxonomy":"category","embeddable":true,"href":"https:\/\/www.encanto.biz\/blog\/wp-json\/wp\/v2\/categories?post=83"},{"taxonomy":"post_tag","embeddable":true,"href":"https:\/\/www.encanto.biz\/blog\/wp-json\/wp\/v2\/tags?post=83"}],"curies":[{"name":"wp","href":"https:\/\/api.w.org\/{rel}","templated":true}]}}