{"id":60,"date":"2018-06-18T12:52:00","date_gmt":"2018-06-18T12:52:00","guid":{"rendered":"http:\/\/www.encanto.biz\/blog\/uncategorized\/avis-laiuto-della-stampa-per-invitare-a-donare-prima-di-partire\/"},"modified":"2021-04-14T15:06:33","modified_gmt":"2021-04-14T14:06:33","slug":"avis-laiuto-della-stampa-per-invitare-a-donare-prima-di-partire","status":"publish","type":"post","link":"https:\/\/www.encanto.biz\/blog\/avis-laiuto-della-stampa-per-invitare-a-donare-prima-di-partire\/","title":{"rendered":"Avis, l&#8217;aiuto della stampa per invitare a donare prima di partire"},"content":{"rendered":"<div>&nbsp;<\/div>\n<div style=\"clear: both; text-align: center;\"><a style=\"margin-left: 1em; margin-right: 1em;\" href=\"https:\/\/1.bp.blogspot.com\/-YRKZp6zdR_4\/Wyeq7VCwyjI\/AAAAAAAABSs\/EBnLKelSJZwfCBRBxPVDRp4-qrpan3JAACLcBGAs\/s1600\/_DSC5768.JPG\"><img loading=\"lazy\" src=\"https:\/\/1.bp.blogspot.com\/-YRKZp6zdR_4\/Wyeq7VCwyjI\/AAAAAAAABSs\/EBnLKelSJZwfCBRBxPVDRp4-qrpan3JAACLcBGAs\/s640\/_DSC5768.JPG\" width=\"640\" height=\"426\" border=\"0\" data-original-height=\"1069\" data-original-width=\"1600\"><\/a><\/div>\n<div><span style=\"font-size: 12.0pt; line-height: 107%;\">&nbsp;<\/span><\/div>\n<p>Ancora un&#8217;altra conferenza stampa per il team di <a href=\"http:\/\/encanto.biz\/\">Encanto Public Relations<\/a>. <strong>In occasione della 14esima Giornata Mondiale del donatore di sangue<\/strong>, mercoled\u00ec 13 giugno, <strong>Avis Comunale di Milano e Avis Regionale Lombardia<\/strong> hanno presentato la nuova campagna estiva \u201cDona prima di partire\u201d.<\/p>\n<p>L\u2019evento ha visto la partecipazione dell\u2019Assessore al Welfare <strong>Giulio Gallera <\/strong>che, con una personale donazione del sangue, ha ufficialmente inaugurato la nuova sede Avis Regionale Lombardia.<\/p>\n<p>\u201cGiornate come queste\u201d, ha commentato l\u2019assessore, \u201cservono a ringraziare tutti i donatori per il gesto di solidariet\u00e0 e altruismo\u2026 sono loro la nostra vera risorsa\u201d. L\u2019importanza della donazione e l\u2019invito a tutti i lombardi a donare sangue per permettere al servizio sanitario di intervenire con tranquillit\u00e0 \u00e8 stato poi sottolineato dal Presidente Onorario e DG di Avis Milano <strong>Sergio Casartelli<\/strong> e dal Presidente di <a href=\"https:\/\/www.avislombardia.it\/\">Avis Regionale Lombardia<\/a> <strong>Oscar Bianchi<\/strong>.<\/p>\n<p>Quest\u2019ultimo ha poi illustrato <strong>i dati di Regione Lombardia che, con i suoi 245 mila donatori e 10789 unit\u00e0, fornisce un \u00bc del sangue di tutta Italia<\/strong>. Appare pi\u00f9 critica invece la situazione di Milano citt\u00e0 che gi\u00e0 nel 2017 aveva avuto un decremento di circa 1000 unit\u00e0 di sangue e, nei primi soli 4 mesi del 2018 segnala un decremento di 1000 unit\u00e0. In generale, fattori come la denatalit\u00e0, i cambiamenti climatici (aumento di allergie e virus) e la difficolt\u00e0 ad allargare il bacino dei donatori pi\u00f9 giovani rimangono problematiche che l\u2019Associazione, in sinergia con le forze politiche del territorio, deve inevitabilmente affrontare.<\/p>\n<p><strong>Dedicato al target di donatori pi\u00f9 giovani anche il murales \u201csvelato\u201d durante la mattinata<\/strong>: \u201cVita\u201d \u00e8 la bellissima opera realizzata da Lorenzo Forti, studente del Liceo Artistico Enrico De Nicola di Sesto San Giovanni. <strong>Testimonial d\u2019eccezione della giornata il Consolato Greco<\/strong>: la Grecia infatti \u00e8 stata eletta dall\u2019Oms paese coordinatore delle attivit\u00e0 dei donatori per il 2018.<\/p>\n\n\n<p><\/p>\n","protected":false},"excerpt":{"rendered":"<p>&nbsp; &nbsp; Ancora un&#8217;altra conferenza stampa per il team di Encanto Public Relations. In occasione<\/p>\n","protected":false},"author":1,"featured_media":0,"comment_status":"closed","ping_status":"open","sticky":false,"template":"","format":"standard","meta":[],"categories":[2800],"tags":[],"yoast_head":"<!-- This site is optimized with the Yoast SEO plugin v16.2 - https:\/\/yoast.com\/wordpress\/plugins\/seo\/ -->\n<title>Avis, l&#039;aiuto della stampa per invitare a donare prima di partire - Encanto PR Blog<\/title>\n<meta name=\"robots\" content=\"index, follow, max-snippet:-1, max-image-preview:large, max-video-preview:-1\" \/>\n<link rel=\"canonical\" href=\"https:\/\/www.encanto.biz\/blog\/avis-laiuto-della-stampa-per-invitare-a-donare-prima-di-partire\/\" \/>\n<meta property=\"og:locale\" content=\"it_IT\" \/>\n<meta property=\"og:type\" content=\"article\" \/>\n<meta property=\"og:title\" content=\"Avis, l&#039;aiuto della stampa per invitare a donare prima di partire - Encanto PR Blog\" \/>\n<meta property=\"og:description\" content=\"&nbsp; &nbsp; Ancora un&#8217;altra conferenza stampa per il team di Encanto Public Relations. In occasione\" \/>\n<meta property=\"og:url\" content=\"https:\/\/www.encanto.biz\/blog\/avis-laiuto-della-stampa-per-invitare-a-donare-prima-di-partire\/\" \/>\n<meta property=\"og:site_name\" content=\"Encanto PR Blog\" \/>\n<meta property=\"article:published_time\" content=\"2018-06-18T12:52:00+00:00\" \/>\n<meta property=\"article:modified_time\" content=\"2021-04-14T14:06:33+00:00\" \/>\n<meta property=\"og:image\" content=\"https:\/\/1.bp.blogspot.com\/-YRKZp6zdR_4\/Wyeq7VCwyjI\/AAAAAAAABSs\/EBnLKelSJZwfCBRBxPVDRp4-qrpan3JAACLcBGAs\/s640\/_DSC5768.JPG\" \/>\n<meta name=\"twitter:card\" content=\"summary_large_image\" \/>\n<meta name=\"twitter:label1\" content=\"Tempo di lettura stimato\">\n\t<meta name=\"twitter:data1\" content=\"2 minuti\">\n<script type=\"application\/ld+json\" class=\"yoast-schema-graph\">{\"@context\":\"https:\/\/schema.org\",\"@graph\":[{\"@type\":\"WebSite\",\"@id\":\"https:\/\/www.encanto.biz\/blog\/#website\",\"url\":\"https:\/\/www.encanto.biz\/blog\/\",\"name\":\"Encanto PR Blog\",\"description\":\"The business value of your good stories\",\"potentialAction\":[{\"@type\":\"SearchAction\",\"target\":\"https:\/\/www.encanto.biz\/blog\/?s={search_term_string}\",\"query-input\":\"required name=search_term_string\"}],\"inLanguage\":\"it-IT\"},{\"@type\":\"ImageObject\",\"@id\":\"https:\/\/www.encanto.biz\/blog\/avis-laiuto-della-stampa-per-invitare-a-donare-prima-di-partire\/#primaryimage\",\"inLanguage\":\"it-IT\",\"url\":\"https:\/\/1.bp.blogspot.com\/-YRKZp6zdR_4\/Wyeq7VCwyjI\/AAAAAAAABSs\/EBnLKelSJZwfCBRBxPVDRp4-qrpan3JAACLcBGAs\/s640\/_DSC5768.JPG\",\"contentUrl\":\"https:\/\/1.bp.blogspot.com\/-YRKZp6zdR_4\/Wyeq7VCwyjI\/AAAAAAAABSs\/EBnLKelSJZwfCBRBxPVDRp4-qrpan3JAACLcBGAs\/s640\/_DSC5768.JPG\"},{\"@type\":\"WebPage\",\"@id\":\"https:\/\/www.encanto.biz\/blog\/avis-laiuto-della-stampa-per-invitare-a-donare-prima-di-partire\/#webpage\",\"url\":\"https:\/\/www.encanto.biz\/blog\/avis-laiuto-della-stampa-per-invitare-a-donare-prima-di-partire\/\",\"name\":\"Avis, l'aiuto della stampa per invitare a donare prima di partire - Encanto PR Blog\",\"isPartOf\":{\"@id\":\"https:\/\/www.encanto.biz\/blog\/#website\"},\"primaryImageOfPage\":{\"@id\":\"https:\/\/www.encanto.biz\/blog\/avis-laiuto-della-stampa-per-invitare-a-donare-prima-di-partire\/#primaryimage\"},\"datePublished\":\"2018-06-18T12:52:00+00:00\",\"dateModified\":\"2021-04-14T14:06:33+00:00\",\"author\":{\"@id\":\"https:\/\/www.encanto.biz\/blog\/#\/schema\/person\/cda125db4047344d9c95b1075092385b\"},\"breadcrumb\":{\"@id\":\"https:\/\/www.encanto.biz\/blog\/avis-laiuto-della-stampa-per-invitare-a-donare-prima-di-partire\/#breadcrumb\"},\"inLanguage\":\"it-IT\",\"potentialAction\":[{\"@type\":\"ReadAction\",\"target\":[\"https:\/\/www.encanto.biz\/blog\/avis-laiuto-della-stampa-per-invitare-a-donare-prima-di-partire\/\"]}]},{\"@type\":\"BreadcrumbList\",\"@id\":\"https:\/\/www.encanto.biz\/blog\/avis-laiuto-della-stampa-per-invitare-a-donare-prima-di-partire\/#breadcrumb\",\"itemListElement\":[{\"@type\":\"ListItem\",\"position\":1,\"item\":{\"@type\":\"WebPage\",\"@id\":\"https:\/\/www.encanto.biz\/blog\/\",\"url\":\"https:\/\/www.encanto.biz\/blog\/\",\"name\":\"Home\"}},{\"@type\":\"ListItem\",\"position\":2,\"item\":{\"@id\":\"https:\/\/www.encanto.biz\/blog\/avis-laiuto-della-stampa-per-invitare-a-donare-prima-di-partire\/#webpage\"}}]},{\"@type\":\"Person\",\"@id\":\"https:\/\/www.encanto.biz\/blog\/#\/schema\/person\/cda125db4047344d9c95b1075092385b\",\"name\":\"Encanto\",\"sameAs\":[\"http:\/\/www.encanto.biz\/blog\"]}]}<\/script>\n<!-- \/ Yoast SEO plugin. -->","_links":{"self":[{"href":"https:\/\/www.encanto.biz\/blog\/wp-json\/wp\/v2\/posts\/60"}],"collection":[{"href":"https:\/\/www.encanto.biz\/blog\/wp-json\/wp\/v2\/posts"}],"about":[{"href":"https:\/\/www.encanto.biz\/blog\/wp-json\/wp\/v2\/types\/post"}],"author":[{"embeddable":true,"href":"https:\/\/www.encanto.biz\/blog\/wp-json\/wp\/v2\/users\/1"}],"replies":[{"embeddable":true,"href":"https:\/\/www.encanto.biz\/blog\/wp-json\/wp\/v2\/comments?post=60"}],"version-history":[{"count":4,"href":"https:\/\/www.encanto.biz\/blog\/wp-json\/wp\/v2\/posts\/60\/revisions"}],"predecessor-version":[{"id":1281,"href":"https:\/\/www.encanto.biz\/blog\/wp-json\/wp\/v2\/posts\/60\/revisions\/1281"}],"wp:attachment":[{"href":"https:\/\/www.encanto.biz\/blog\/wp-json\/wp\/v2\/media?parent=60"}],"wp:term":[{"taxonomy":"category","embeddable":true,"href":"https:\/\/www.encanto.biz\/blog\/wp-json\/wp\/v2\/categories?post=60"},{"taxonomy":"post_tag","embeddable":true,"href":"https:\/\/www.encanto.biz\/blog\/wp-json\/wp\/v2\/tags?post=60"}],"curies":[{"name":"wp","href":"https:\/\/api.w.org\/{rel}","templated":true}]}}