{"id":49,"date":"2019-05-21T16:59:00","date_gmt":"2019-05-21T16:59:00","guid":{"rendered":"http:\/\/www.encanto.biz\/blog\/uncategorized\/carlo-cottarelli-parla-di-regionalismo-differenziato-per-cna-lombardia\/"},"modified":"2021-04-13T10:36:30","modified_gmt":"2021-04-13T09:36:30","slug":"carlo-cottarelli-parla-di-regionalismo-differenziato-per-cna-lombardia","status":"publish","type":"post","link":"https:\/\/www.encanto.biz\/blog\/carlo-cottarelli-parla-di-regionalismo-differenziato-per-cna-lombardia\/","title":{"rendered":"Carlo Cottarelli parla di Regionalismo differenziato per CNA Lombardia"},"content":{"rendered":"<div style=\"clear: both; text-align: center;\"><a style=\"clear: left; float: left; margin-bottom: 1em; margin-right: 1em;\" href=\"https:\/\/1.bp.blogspot.com\/-bTtQzloxzM8\/XOQuDDd9YwI\/AAAAAAAABZI\/z3_VrYKriNsI-9_4XRZ6AhVDuERGh8EGACLcBGAs\/s1600\/messercottaro.jpg\"><img loading=\"lazy\" class=\"\" src=\"https:\/\/1.bp.blogspot.com\/-bTtQzloxzM8\/XOQuDDd9YwI\/AAAAAAAABZI\/z3_VrYKriNsI-9_4XRZ6AhVDuERGh8EGACLcBGAs\/s640\/messercottaro.jpg\" width=\"722\" height=\"417\" border=\"0\" data-original-height=\"418\" data-original-width=\"723\" \/><\/a><\/div>\n<div style=\"text-align: justify;\">\n<h2><\/h2>\n<p>\u00c8 piaciuto soprattutto a Rai e quotidiani lo studio commissionato a <a href=\"http:\/\/www.centrostudisintesi.com\/\">Syntesi<\/a>, l&#8217;istituto di ricerca che ogni anno realizza \u201cl\u2019Osservatorio Economia e Territorio&#8221; per <a href=\"http:\/\/www.cnalombardia.it\/\">CNA<\/a>. <strong>Quest&#8217;anno l&#8217;analisi mette a confronto Lombardia, Emilia Romagna e Veneto\u00a0con regioni d&#8217;eccellenza d&#8217;Europa\u00a0sulla capacit\u00e0 di spesa pubblica.<\/strong>\u00a0La <a href=\"http:\/\/encanto.biz\/cosa-facciamo\">presentazione<\/a> dello studio si \u00e8 tenuta a Palazzo dei Giureconsulti a Milano con la presenza di <strong>Carlo Cottarelli<\/strong>, moderato dal giornalista del Sole 24 Ore Gianni Trovati, e aveva per titolo \u201cAutonomia e regionalismo differenziato: I dati dell\u2019Osservatorio delle CNA Lombardia, CNA Emilia Romagna e CNA Veneto&#8221;.<\/p>\n<p>I <strong>risultati finali\u00a0dimostrano che le tre Regioni d\u2019eccellenza italiane, tutte Regioni a statuto ordinario, sono tra le prime in Europa per valore delle esportazioni, ma tra le ultime per investimenti destinati allo sviluppo economico<\/strong>. A farne le spese, tra le voci pi\u00f9 importanti, ci sono gli investimenti destinati alle aziende e quelli destinati alla ricerca scientifica.<\/p>\n<div style=\"clear: both; text-align: center;\"><a style=\"clear: left; float: left; margin-bottom: 1em; margin-right: 1em;\" href=\"https:\/\/2.bp.blogspot.com\/-y3D1Q_ND1zM\/XOUXQdJS5pI\/AAAAAAAABZ0\/EjrA4g2tdwwSHvqqv29tI-aPOIfvS126gCLcBGAs\/s1600\/cotta%2B1.JPEG\"><img loading=\"lazy\" class=\"\" src=\"https:\/\/2.bp.blogspot.com\/-y3D1Q_ND1zM\/XOUXQdJS5pI\/AAAAAAAABZ0\/EjrA4g2tdwwSHvqqv29tI-aPOIfvS126gCLcBGAs\/s640\/cotta%2B1.JPEG\" width=\"725\" height=\"531\" border=\"0\" data-original-height=\"1173\" data-original-width=\"1600\" \/><\/a><\/div>\n<p><em>&#8220;Il livello di disponibilit\u00e0 nel budget regionale per le spese di investimento vede un netto vantaggio per i L\u00e4nder e per le Comunit\u00e0 autonome rispetto alle 3 Regioni italiane \u2013 dichiara il <\/em><strong>Presidente di CNA Lombardia, Daniele Parolo<\/strong><em> &#8211; In sintesi, la Lombardia pu\u00f2 spendere per gli investimenti 119 euro per abitante, i Paesi Baschi 529 euro, la Baviera 466 euro. L\u2019autonomia che vogliamo \u00e8 uno strumento per disporre di maggiori risorse per lo sviluppo e per la crescita, nel quadro di una salda unit\u00e0 nazionale.\u201d<\/em><\/p>\n<\/div>\n<div style=\"clear: both; text-align: center;\"><a style=\"margin-left: 1em; margin-right: 1em;\" href=\"https:\/\/4.bp.blogspot.com\/-9uXHN9LyEig\/XOUXcIMM6xI\/AAAAAAAABZ4\/g3G-zqRtCGgs0-HmXQPJI8BXsz4VYfsxACLcBGAs\/s1600\/cotta2.JPG\"><img loading=\"lazy\" src=\"https:\/\/4.bp.blogspot.com\/-9uXHN9LyEig\/XOUXcIMM6xI\/AAAAAAAABZ4\/g3G-zqRtCGgs0-HmXQPJI8BXsz4VYfsxACLcBGAs\/s640\/cotta2.JPG\" width=\"640\" height=\"426\" border=\"0\" data-original-height=\"1067\" data-original-width=\"1600\" \/><\/a><\/div>\n","protected":false},"excerpt":{"rendered":"<p>\u00c8 piaciuto soprattutto a Rai e quotidiani lo studio commissionato a Syntesi, l&#8217;istituto di ricerca<\/p>\n","protected":false},"author":1,"featured_media":0,"comment_status":"closed","ping_status":"open","sticky":false,"template":"","format":"standard","meta":[],"categories":[2800],"tags":[],"yoast_head":"<!-- This site is optimized with the Yoast SEO plugin v16.2 - https:\/\/yoast.com\/wordpress\/plugins\/seo\/ -->\n<title>Carlo Cottarelli parla di Regionalismo differenziato per CNA Lombardia - Encanto PR Blog<\/title>\n<meta name=\"robots\" content=\"index, follow, max-snippet:-1, max-image-preview:large, max-video-preview:-1\" \/>\n<link rel=\"canonical\" href=\"https:\/\/www.encanto.biz\/blog\/carlo-cottarelli-parla-di-regionalismo-differenziato-per-cna-lombardia\/\" \/>\n<meta property=\"og:locale\" content=\"it_IT\" \/>\n<meta property=\"og:type\" content=\"article\" \/>\n<meta property=\"og:title\" content=\"Carlo Cottarelli parla di Regionalismo differenziato per CNA Lombardia - Encanto PR Blog\" \/>\n<meta property=\"og:description\" content=\"\u00c8 piaciuto soprattutto a Rai e quotidiani lo studio commissionato a Syntesi, l&#8217;istituto di ricerca\" \/>\n<meta property=\"og:url\" content=\"https:\/\/www.encanto.biz\/blog\/carlo-cottarelli-parla-di-regionalismo-differenziato-per-cna-lombardia\/\" \/>\n<meta property=\"og:site_name\" content=\"Encanto PR Blog\" \/>\n<meta property=\"article:published_time\" content=\"2019-05-21T16:59:00+00:00\" \/>\n<meta property=\"article:modified_time\" content=\"2021-04-13T09:36:30+00:00\" \/>\n<meta property=\"og:image\" content=\"https:\/\/1.bp.blogspot.com\/-bTtQzloxzM8\/XOQuDDd9YwI\/AAAAAAAABZI\/z3_VrYKriNsI-9_4XRZ6AhVDuERGh8EGACLcBGAs\/s640\/messercottaro.jpg\" \/>\n<meta name=\"twitter:card\" content=\"summary_large_image\" \/>\n<meta name=\"twitter:label1\" content=\"Tempo di lettura stimato\">\n\t<meta name=\"twitter:data1\" content=\"2 minuti\">\n<script type=\"application\/ld+json\" class=\"yoast-schema-graph\">{\"@context\":\"https:\/\/schema.org\",\"@graph\":[{\"@type\":\"WebSite\",\"@id\":\"https:\/\/www.encanto.biz\/blog\/#website\",\"url\":\"https:\/\/www.encanto.biz\/blog\/\",\"name\":\"Encanto PR Blog\",\"description\":\"The business value of your good stories\",\"potentialAction\":[{\"@type\":\"SearchAction\",\"target\":\"https:\/\/www.encanto.biz\/blog\/?s={search_term_string}\",\"query-input\":\"required name=search_term_string\"}],\"inLanguage\":\"it-IT\"},{\"@type\":\"ImageObject\",\"@id\":\"https:\/\/www.encanto.biz\/blog\/carlo-cottarelli-parla-di-regionalismo-differenziato-per-cna-lombardia\/#primaryimage\",\"inLanguage\":\"it-IT\",\"url\":\"https:\/\/1.bp.blogspot.com\/-bTtQzloxzM8\/XOQuDDd9YwI\/AAAAAAAABZI\/z3_VrYKriNsI-9_4XRZ6AhVDuERGh8EGACLcBGAs\/s640\/messercottaro.jpg\",\"contentUrl\":\"https:\/\/1.bp.blogspot.com\/-bTtQzloxzM8\/XOQuDDd9YwI\/AAAAAAAABZI\/z3_VrYKriNsI-9_4XRZ6AhVDuERGh8EGACLcBGAs\/s640\/messercottaro.jpg\"},{\"@type\":\"WebPage\",\"@id\":\"https:\/\/www.encanto.biz\/blog\/carlo-cottarelli-parla-di-regionalismo-differenziato-per-cna-lombardia\/#webpage\",\"url\":\"https:\/\/www.encanto.biz\/blog\/carlo-cottarelli-parla-di-regionalismo-differenziato-per-cna-lombardia\/\",\"name\":\"Carlo Cottarelli parla di Regionalismo differenziato per CNA Lombardia - Encanto PR Blog\",\"isPartOf\":{\"@id\":\"https:\/\/www.encanto.biz\/blog\/#website\"},\"primaryImageOfPage\":{\"@id\":\"https:\/\/www.encanto.biz\/blog\/carlo-cottarelli-parla-di-regionalismo-differenziato-per-cna-lombardia\/#primaryimage\"},\"datePublished\":\"2019-05-21T16:59:00+00:00\",\"dateModified\":\"2021-04-13T09:36:30+00:00\",\"author\":{\"@id\":\"https:\/\/www.encanto.biz\/blog\/#\/schema\/person\/cda125db4047344d9c95b1075092385b\"},\"breadcrumb\":{\"@id\":\"https:\/\/www.encanto.biz\/blog\/carlo-cottarelli-parla-di-regionalismo-differenziato-per-cna-lombardia\/#breadcrumb\"},\"inLanguage\":\"it-IT\",\"potentialAction\":[{\"@type\":\"ReadAction\",\"target\":[\"https:\/\/www.encanto.biz\/blog\/carlo-cottarelli-parla-di-regionalismo-differenziato-per-cna-lombardia\/\"]}]},{\"@type\":\"BreadcrumbList\",\"@id\":\"https:\/\/www.encanto.biz\/blog\/carlo-cottarelli-parla-di-regionalismo-differenziato-per-cna-lombardia\/#breadcrumb\",\"itemListElement\":[{\"@type\":\"ListItem\",\"position\":1,\"item\":{\"@type\":\"WebPage\",\"@id\":\"https:\/\/www.encanto.biz\/blog\/\",\"url\":\"https:\/\/www.encanto.biz\/blog\/\",\"name\":\"Home\"}},{\"@type\":\"ListItem\",\"position\":2,\"item\":{\"@id\":\"https:\/\/www.encanto.biz\/blog\/carlo-cottarelli-parla-di-regionalismo-differenziato-per-cna-lombardia\/#webpage\"}}]},{\"@type\":\"Person\",\"@id\":\"https:\/\/www.encanto.biz\/blog\/#\/schema\/person\/cda125db4047344d9c95b1075092385b\",\"name\":\"Encanto\",\"sameAs\":[\"http:\/\/www.encanto.biz\/blog\"]}]}<\/script>\n<!-- \/ Yoast SEO plugin. -->","_links":{"self":[{"href":"https:\/\/www.encanto.biz\/blog\/wp-json\/wp\/v2\/posts\/49"}],"collection":[{"href":"https:\/\/www.encanto.biz\/blog\/wp-json\/wp\/v2\/posts"}],"about":[{"href":"https:\/\/www.encanto.biz\/blog\/wp-json\/wp\/v2\/types\/post"}],"author":[{"embeddable":true,"href":"https:\/\/www.encanto.biz\/blog\/wp-json\/wp\/v2\/users\/1"}],"replies":[{"embeddable":true,"href":"https:\/\/www.encanto.biz\/blog\/wp-json\/wp\/v2\/comments?post=49"}],"version-history":[{"count":3,"href":"https:\/\/www.encanto.biz\/blog\/wp-json\/wp\/v2\/posts\/49\/revisions"}],"predecessor-version":[{"id":1240,"href":"https:\/\/www.encanto.biz\/blog\/wp-json\/wp\/v2\/posts\/49\/revisions\/1240"}],"wp:attachment":[{"href":"https:\/\/www.encanto.biz\/blog\/wp-json\/wp\/v2\/media?parent=49"}],"wp:term":[{"taxonomy":"category","embeddable":true,"href":"https:\/\/www.encanto.biz\/blog\/wp-json\/wp\/v2\/categories?post=49"},{"taxonomy":"post_tag","embeddable":true,"href":"https:\/\/www.encanto.biz\/blog\/wp-json\/wp\/v2\/tags?post=49"}],"curies":[{"name":"wp","href":"https:\/\/api.w.org\/{rel}","templated":true}]}}