{"id":41,"date":"2019-07-16T13:30:00","date_gmt":"2019-07-16T13:30:00","guid":{"rendered":"http:\/\/www.encanto.biz\/blog\/uncategorized\/encanto-public-relations-sempre-al-fianco-di-avis-lombardia-per-promuovere-la-donazione-al-via-la-campagna-estiva-dona-prima-di-partire\/"},"modified":"2021-04-12T12:25:59","modified_gmt":"2021-04-12T11:25:59","slug":"encanto-public-relations-sempre-al-fianco-di-avis-lombardia-per-promuovere-la-donazione-al-via-la-campagna-estiva-dona-prima-di-partire","status":"publish","type":"post","link":"https:\/\/www.encanto.biz\/blog\/encanto-public-relations-sempre-al-fianco-di-avis-lombardia-per-promuovere-la-donazione-al-via-la-campagna-estiva-dona-prima-di-partire\/","title":{"rendered":"Encanto PR al fianco di AVIS LOMBARDIA per promuovere la donazione"},"content":{"rendered":"<div style=\"clear: both; text-align: center;\"><a style=\"margin-left: 1em; margin-right: 1em;\" href=\"https:\/\/1.bp.blogspot.com\/-p87KmD-kUVQ\/XS3RF0SuO3I\/AAAAAAAABfc\/OWKJmo7EfgIHOUiD8oSKL56a-RRAZgdTQCLcBGAs\/s1600\/avis.jpg\"><img loading=\"lazy\" src=\"https:\/\/1.bp.blogspot.com\/-p87KmD-kUVQ\/XS3RF0SuO3I\/AAAAAAAABfc\/OWKJmo7EfgIHOUiD8oSKL56a-RRAZgdTQCLcBGAs\/s640\/avis.jpg\" width=\"640\" height=\"360\" border=\"0\" data-original-height=\"900\" data-original-width=\"1600\" \/><\/a><\/div>\n<div style=\"text-align: justify;\">\n<div>\u00a0<\/div>\n<div style=\"font-family: Arial; font-weight: bold; margin: 0cm 0cm 0.0001pt;\">\u00a0<\/div>\n<\/div>\n\n\n<p><a href=\"http:\/\/encanto.biz\/\">Encanto Public Relations<\/a> sempre accanto ad <a href=\"https:\/\/www.avislombardia.it\/\">AvisRegionale Lombardia<\/a><strong> per promuovere la donazione del sangue e una cultura del dono.<\/strong><\/p>\n\n\n\n<p>In particolare in queste settimane, supportiamo Avis per la <strong>campagna estiva \u201cDona prima di partire\u201d<\/strong>, lanciata in occasione della <strong>15esima Gionata Mondiale del Donatore di Sangue<\/strong>. L\u2019invito, comunicato anche attraverso due nuovi spot della campagna \u201cDona prima di partire\u201d, spinge tutti i lombardi a un gesto di grande responsabilit\u00e0, proprio in uno dei momenti in cui ce n\u2019\u00e8 pi\u00f9 bisogno. Infatti l\u2019<strong>estate \u00e8 un periodo davvero critico<\/strong> e anche una regione autosufficiente come la Lombardia, se dovesse affrontare un\u2019emergenza, come \u00e8 successo l\u2019anno scorso a Genova a seguito del crollo del ponte Morandi, si troverebbe in grave difficolt\u00e0. \u00c8 per questo motivo che Avis Lombardia rilancia anche quest\u2019anno l\u2019impegno a donare il sangue anche d\u2019estate.<\/p>\n\n\n\n<p>\u201c\u00c8 importante riproporre ogni anno il messaggio che la donazione non va in vacanza \u2013 dichiara O<strong>scar Bianchi, presidente di Avis Lombardia<\/strong> \u2013 e invitare tutti i lombardi a compiere questo gesto prima di partire, per garantire cos\u00ec la disponibilit\u00e0 costante di sangue ed emoderivati freschi anche nel momento in cui le citt\u00e0 si svuotano e c\u2019\u00e8 il rischio di trovarsi in situazioni di carenza. Sarebbe bello non dover parlare quest\u2019estate di emergenza sangue\u201d.<\/p>\n\n\n\n<p><strong>Il Presidente conferma anche che la Lombardia \u00e8 la regione con il numero pi\u00f9 alto di donatori,&nbsp;258.475 soci, <\/strong>pari al 20% dei donatori nazionali, che contribuiscono per il 24% in termini di donazioni (478.551 donazioni totali).<\/p>\n\n\n\n<p>La Regione assicura da tempo l\u2019autosufficienza e aiuta le altre aree.&nbsp;Un\u2019altra iniziativa organizzata da Avis Regionale Lombardia, insieme ad Avis Provinciale e Comunale Monza, che <strong>abbiamo avuto il piacere di supportare, \u00e8 stata la prima edizione della Red Color Run,<\/strong> a seguito dell\u2019Assemblea Regionale 2019 nella quale \u00e8 intervenuto il Presidente della Regione Lombardia, Attilio Fontana. La corsa non competitiva, che si \u00e8 svolta all\u2019interno del parco di Monza, \u00e8 stata organizzata per organizzata per raccogliere fondi a favore delle popolazioni coinvolte nel terremoto che nell\u2019estate 2016 ha duramente colpito il territorio del centro Italia.&nbsp;&nbsp;<\/p>\n\n\n\n<p>L\u2019impegno verso le zone colpite dal terremoto si \u00e8 sviluppato anche attraverso la partecipazione alla <strong>mostra Real Bodies<\/strong>, presso lo Spazio Ventura a Milano. Una quota sui ricavati delle vendite del catalogo \u00e8 stata donata a Avis Amatrice. La mostra, patrocinata da AVIS Lombardia, AIDO e ADMO, ha voluto inoltre sancire il rapporto consociativo tra queste associazioni impegnate a diffondere il messaggio che chi dona \u00e8 pi\u00f9: pi\u00f9 cittadini coinvolti equivalgono a pi\u00f9 donazioni e a una maggiore cultura del volontariato e della solidariet\u00e0.<\/p>\n\n\n\n<p>A supportare l\u2019importanza della donazione \u00e8 stato installato, all\u2019interno della mostra, il corner informativo \u201c<strong>Yellow is the new red\u201d, per sensibilizzare l\u2019opinione pubblica sull\u2019importanza della donazione del plasma.<\/strong> A proposito di giallo, Play Yellow \u00e8 stato il primo contest lanciato da Avis Regionale Lombardia in occasione del Salone del Mobile 2019 allo scopo di coinvolgere tutti coloro che si trovano a Milano a fotografare oggetti di colore giallo e condividerli sul proprio profilo Instagram utilizzando gli hashtag: #playellow #gialloplasma #avislombardia #avis #giardinoventura.<\/p>\n\n\n\n<p><\/p>\n\n\n\n<div class=\"wp-block-image\"><figure class=\"aligncenter\"><a href=\"https:\/\/1.bp.blogspot.com\/-DsxDYSsEs-I\/XS3OXp1WTnI\/AAAAAAAABfU\/Bbm9DiCNtMUFtX2Nhjuxer17TVje_QlEACEwYBhgL\/s1600\/avis%2Blogo.jpg\"><img src=\"https:\/\/1.bp.blogspot.com\/-DsxDYSsEs-I\/XS3OXp1WTnI\/AAAAAAAABfU\/Bbm9DiCNtMUFtX2Nhjuxer17TVje_QlEACEwYBhgL\/s400\/avis%2Blogo.jpg\" alt=\"\"\/><\/a><\/figure><\/div>\n","protected":false},"excerpt":{"rendered":"<p>\u00a0 \u00a0 Encanto Public Relations sempre accanto ad AvisRegionale Lombardia per promuovere la donazione del<\/p>\n","protected":false},"author":1,"featured_media":0,"comment_status":"closed","ping_status":"open","sticky":false,"template":"","format":"standard","meta":[],"categories":[2816],"tags":[],"yoast_head":"<!-- This site is optimized with the Yoast SEO plugin v16.2 - https:\/\/yoast.com\/wordpress\/plugins\/seo\/ -->\n<title>Encanto PR al fianco di AVIS LOMBARDIA per promuovere la donazione - Encanto PR Blog<\/title>\n<meta name=\"robots\" content=\"index, follow, max-snippet:-1, max-image-preview:large, max-video-preview:-1\" \/>\n<link rel=\"canonical\" href=\"https:\/\/www.encanto.biz\/blog\/encanto-public-relations-sempre-al-fianco-di-avis-lombardia-per-promuovere-la-donazione-al-via-la-campagna-estiva-dona-prima-di-partire\/\" \/>\n<meta property=\"og:locale\" content=\"it_IT\" \/>\n<meta property=\"og:type\" content=\"article\" \/>\n<meta property=\"og:title\" content=\"Encanto PR al fianco di AVIS LOMBARDIA per promuovere la donazione - Encanto PR Blog\" \/>\n<meta property=\"og:description\" content=\"\u00a0 \u00a0 Encanto Public Relations sempre accanto ad AvisRegionale Lombardia per promuovere la donazione del\" \/>\n<meta property=\"og:url\" content=\"https:\/\/www.encanto.biz\/blog\/encanto-public-relations-sempre-al-fianco-di-avis-lombardia-per-promuovere-la-donazione-al-via-la-campagna-estiva-dona-prima-di-partire\/\" \/>\n<meta property=\"og:site_name\" content=\"Encanto PR Blog\" \/>\n<meta property=\"article:published_time\" content=\"2019-07-16T13:30:00+00:00\" \/>\n<meta property=\"article:modified_time\" content=\"2021-04-12T11:25:59+00:00\" \/>\n<meta property=\"og:image\" content=\"https:\/\/1.bp.blogspot.com\/-p87KmD-kUVQ\/XS3RF0SuO3I\/AAAAAAAABfc\/OWKJmo7EfgIHOUiD8oSKL56a-RRAZgdTQCLcBGAs\/s640\/avis.jpg\" \/>\n<meta name=\"twitter:card\" content=\"summary_large_image\" \/>\n<meta name=\"twitter:label1\" content=\"Tempo di lettura stimato\">\n\t<meta name=\"twitter:data1\" content=\"3 minuti\">\n<script type=\"application\/ld+json\" class=\"yoast-schema-graph\">{\"@context\":\"https:\/\/schema.org\",\"@graph\":[{\"@type\":\"WebSite\",\"@id\":\"https:\/\/www.encanto.biz\/blog\/#website\",\"url\":\"https:\/\/www.encanto.biz\/blog\/\",\"name\":\"Encanto PR Blog\",\"description\":\"The business value of your good stories\",\"potentialAction\":[{\"@type\":\"SearchAction\",\"target\":\"https:\/\/www.encanto.biz\/blog\/?s={search_term_string}\",\"query-input\":\"required name=search_term_string\"}],\"inLanguage\":\"it-IT\"},{\"@type\":\"ImageObject\",\"@id\":\"https:\/\/www.encanto.biz\/blog\/encanto-public-relations-sempre-al-fianco-di-avis-lombardia-per-promuovere-la-donazione-al-via-la-campagna-estiva-dona-prima-di-partire\/#primaryimage\",\"inLanguage\":\"it-IT\",\"url\":\"https:\/\/1.bp.blogspot.com\/-p87KmD-kUVQ\/XS3RF0SuO3I\/AAAAAAAABfc\/OWKJmo7EfgIHOUiD8oSKL56a-RRAZgdTQCLcBGAs\/s640\/avis.jpg\",\"contentUrl\":\"https:\/\/1.bp.blogspot.com\/-p87KmD-kUVQ\/XS3RF0SuO3I\/AAAAAAAABfc\/OWKJmo7EfgIHOUiD8oSKL56a-RRAZgdTQCLcBGAs\/s640\/avis.jpg\"},{\"@type\":\"WebPage\",\"@id\":\"https:\/\/www.encanto.biz\/blog\/encanto-public-relations-sempre-al-fianco-di-avis-lombardia-per-promuovere-la-donazione-al-via-la-campagna-estiva-dona-prima-di-partire\/#webpage\",\"url\":\"https:\/\/www.encanto.biz\/blog\/encanto-public-relations-sempre-al-fianco-di-avis-lombardia-per-promuovere-la-donazione-al-via-la-campagna-estiva-dona-prima-di-partire\/\",\"name\":\"Encanto PR al fianco di AVIS LOMBARDIA per promuovere la donazione - Encanto PR Blog\",\"isPartOf\":{\"@id\":\"https:\/\/www.encanto.biz\/blog\/#website\"},\"primaryImageOfPage\":{\"@id\":\"https:\/\/www.encanto.biz\/blog\/encanto-public-relations-sempre-al-fianco-di-avis-lombardia-per-promuovere-la-donazione-al-via-la-campagna-estiva-dona-prima-di-partire\/#primaryimage\"},\"datePublished\":\"2019-07-16T13:30:00+00:00\",\"dateModified\":\"2021-04-12T11:25:59+00:00\",\"author\":{\"@id\":\"https:\/\/www.encanto.biz\/blog\/#\/schema\/person\/cda125db4047344d9c95b1075092385b\"},\"breadcrumb\":{\"@id\":\"https:\/\/www.encanto.biz\/blog\/encanto-public-relations-sempre-al-fianco-di-avis-lombardia-per-promuovere-la-donazione-al-via-la-campagna-estiva-dona-prima-di-partire\/#breadcrumb\"},\"inLanguage\":\"it-IT\",\"potentialAction\":[{\"@type\":\"ReadAction\",\"target\":[\"https:\/\/www.encanto.biz\/blog\/encanto-public-relations-sempre-al-fianco-di-avis-lombardia-per-promuovere-la-donazione-al-via-la-campagna-estiva-dona-prima-di-partire\/\"]}]},{\"@type\":\"BreadcrumbList\",\"@id\":\"https:\/\/www.encanto.biz\/blog\/encanto-public-relations-sempre-al-fianco-di-avis-lombardia-per-promuovere-la-donazione-al-via-la-campagna-estiva-dona-prima-di-partire\/#breadcrumb\",\"itemListElement\":[{\"@type\":\"ListItem\",\"position\":1,\"item\":{\"@type\":\"WebPage\",\"@id\":\"https:\/\/www.encanto.biz\/blog\/\",\"url\":\"https:\/\/www.encanto.biz\/blog\/\",\"name\":\"Home\"}},{\"@type\":\"ListItem\",\"position\":2,\"item\":{\"@id\":\"https:\/\/www.encanto.biz\/blog\/encanto-public-relations-sempre-al-fianco-di-avis-lombardia-per-promuovere-la-donazione-al-via-la-campagna-estiva-dona-prima-di-partire\/#webpage\"}}]},{\"@type\":\"Person\",\"@id\":\"https:\/\/www.encanto.biz\/blog\/#\/schema\/person\/cda125db4047344d9c95b1075092385b\",\"name\":\"Encanto\",\"sameAs\":[\"http:\/\/www.encanto.biz\/blog\"]}]}<\/script>\n<!-- \/ Yoast SEO plugin. -->","_links":{"self":[{"href":"https:\/\/www.encanto.biz\/blog\/wp-json\/wp\/v2\/posts\/41"}],"collection":[{"href":"https:\/\/www.encanto.biz\/blog\/wp-json\/wp\/v2\/posts"}],"about":[{"href":"https:\/\/www.encanto.biz\/blog\/wp-json\/wp\/v2\/types\/post"}],"author":[{"embeddable":true,"href":"https:\/\/www.encanto.biz\/blog\/wp-json\/wp\/v2\/users\/1"}],"replies":[{"embeddable":true,"href":"https:\/\/www.encanto.biz\/blog\/wp-json\/wp\/v2\/comments?post=41"}],"version-history":[{"count":4,"href":"https:\/\/www.encanto.biz\/blog\/wp-json\/wp\/v2\/posts\/41\/revisions"}],"predecessor-version":[{"id":1190,"href":"https:\/\/www.encanto.biz\/blog\/wp-json\/wp\/v2\/posts\/41\/revisions\/1190"}],"wp:attachment":[{"href":"https:\/\/www.encanto.biz\/blog\/wp-json\/wp\/v2\/media?parent=41"}],"wp:term":[{"taxonomy":"category","embeddable":true,"href":"https:\/\/www.encanto.biz\/blog\/wp-json\/wp\/v2\/categories?post=41"},{"taxonomy":"post_tag","embeddable":true,"href":"https:\/\/www.encanto.biz\/blog\/wp-json\/wp\/v2\/tags?post=41"}],"curies":[{"name":"wp","href":"https:\/\/api.w.org\/{rel}","templated":true}]}}