{"id":40,"date":"2019-07-17T14:10:00","date_gmt":"2019-07-17T14:10:00","guid":{"rendered":"http:\/\/www.encanto.biz\/blog\/uncategorized\/anche-questanno-siamo-con-floating-life-al-monaco-yacht-show-2019\/"},"modified":"2021-04-12T12:16:12","modified_gmt":"2021-04-12T11:16:12","slug":"anche-questanno-siamo-con-floating-life-al-monaco-yacht-show-2019","status":"publish","type":"post","link":"https:\/\/www.encanto.biz\/blog\/anche-questanno-siamo-con-floating-life-al-monaco-yacht-show-2019\/","title":{"rendered":"Anche quest\u2019anno siamo con Floating Life al Monaco Yacht Show 2019"},"content":{"rendered":"\n<div class=\"wp-block-group\"><div class=\"wp-block-group__inner-container\">\n<div style=\"clear: both; text-align: center;\"><a style=\"clear: left; float: left; margin-bottom: 1em; margin-right: 1em;\" href=\"https:\/\/1.bp.blogspot.com\/-kj-I4GLk52o\/XTHGpduUlSI\/AAAAAAAABgY\/zz4_yz9vt40GuzD2lfzH-svH2W9OLQ6NgCLcBGAs\/s1600\/Yacht-floating-life.jpg\"><img loading=\"lazy\" class=\"alignnone\" src=\"https:\/\/1.bp.blogspot.com\/-kj-I4GLk52o\/XTHGpduUlSI\/AAAAAAAABgY\/zz4_yz9vt40GuzD2lfzH-svH2W9OLQ6NgCLcBGAs\/s640\/Yacht-floating-life.jpg\" width=\"640\" height=\"360\" border=\"0\" data-original-height=\"901\" data-original-width=\"1600\" \/><\/a><\/div>\n<div style=\"text-align: justify;\">\u00a0<\/div>\n<div>\n<div>\u00a0<\/div>\n<div>\u00a0<\/div>\n<div>\u00a0<\/div>\n<div>\u00a0<\/div>\n<div>\u00a0<\/div>\n<div>\u00a0<\/div>\n<div>\u00a0<\/div>\n<div>\u00a0<\/div>\n<div>\u00a0<\/div>\n<div>\u00a0<\/div>\n<div>\u00a0<\/div>\n<div>\u00a0<\/div>\n<div>\u00a0<\/div>\n<div>\u00a0<\/div>\n<div>\u00a0<\/div>\n<div>\u00a0<\/div>\n<div>\u00a0<\/div>\n<div>\u00a0<\/div>\n<div style=\"text-align: justify;\"><span style=\"font-family: 'arial' , 'helvetica' , sans-serif;\"><span style=\"line-height: 107%;\">Il prossimo appuntamento per<a href=\"https:\/\/floatinglife.com\/\"> Floating Life<\/a>, <\/span><span style=\"color: black; mso-bidi-font-family: Helvetica; mso-themecolor: text1;\">societ\u00e0 di management e charter di yacht e superyacht<\/span><\/span><span style=\"line-height: 107%;\"><span style=\"font-family: 'arial' , 'helvetica' , sans-serif;\">, \u00e8 a Montecarlo a fine settembre (dal 25\/9 sino al 28\/9) per <strong>la pi\u00f9 importante esposizione al mondo di Mega Yacht \u201c<a href=\"https:\/\/www.monacoyachtshow.com\/en\/\">Monaco Yacht Show 2019<\/a><\/strong> e noi li seguiremo per la gestione dei media italiani e internazionali. Cosa, i titolari di Floating Life, la coppia Pezzini e Tambani abbia preparato per questa edizione, lo sapremo solo tra una decina di giorni, quello che sappiamo ora \u00e8 che non mancher\u00e0 di sorprenderci, dato che l&#8217;ultimo varo \u00e8 stato quello insieme al Cantiere delle Marche, del Mega Yacht Audace di Andrea Merloni.<\/span><\/span><\/div>\n<p><a style=\"clear: left; float: left; margin-bottom: 1em; margin-right: 1em;\" href=\"https:\/\/1.bp.blogspot.com\/-ez-2XAaCrX0\/XS8tucBpJNI\/AAAAAAAABgA\/d8G9eEKXmG8YzXasa4g49HvlMnrTrVWfQCLcBGAs\/s1600\/floating%2Blife2.jpg\"><img loading=\"lazy\" class=\"alignnone\" src=\"https:\/\/1.bp.blogspot.com\/-ez-2XAaCrX0\/XS8tucBpJNI\/AAAAAAAABgA\/d8G9eEKXmG8YzXasa4g49HvlMnrTrVWfQCLcBGAs\/s640\/floating%2Blife2.jpg\" width=\"640\" height=\"640\" border=\"0\" data-original-height=\"960\" data-original-width=\"960\" \/><\/a><\/p>\n<\/div>\n<div style=\"background: white; margin: 0cm 0cm 7.5pt 0cm;\">\n<div>\u00a0<\/div>\n<div>\u00a0<\/div>\n<div>\u00a0<\/div>\n<div>\u00a0<\/div>\n<div>\u00a0<\/div>\n<div>\u00a0<\/div>\n<div>\u00a0<\/div>\n<div>\u00a0<\/div>\n<div>\u00a0<\/div>\n<div>\u00a0<\/div>\n<div>\u00a0<\/div>\n<div>\u00a0<\/div>\n<div>\u00a0<\/div>\n<div>\u00a0<\/div>\n<div>\u00a0<\/div>\n<div>\u00a0<\/div>\n<div>\u00a0<\/div>\n<div>\u00a0<\/div>\n<div>\u00a0<\/div>\n<div>\u00a0<\/div>\n<div>\u00a0<\/div>\n<div>\u00a0<\/div>\n<div>\u00a0<\/div>\n<div>\u00a0<\/div>\n<div>\u00a0<\/div>\n<div>\u00a0<\/div>\n<div>\u00a0<\/div>\n<div>\u00a0<\/div>\n<div>\u00a0<\/div>\n<div>\u00a0<\/div>\n<div>\u00a0<\/div>\n<div>\u00a0<\/div>\n<\/div>\n<div>\u00a0<\/div>\n<div style=\"background: white; margin: 0cm 0cm 7.5pt 0cm;\">\n<div style=\"text-align: justify;\"><span style=\"font-family: 'arial' , 'helvetica' , sans-serif;\">Ogni anno, Il Monaco Yacht Show\u00a0<\/span><span style=\"font-family: 'arial' , 'helvetica' , sans-serif;\">presenta 125 superyacht straordinari <\/span><span style=\"font-family: 'arial' , 'helvetica' , sans-serif;\">costruiti dai\u00a0pi\u00f9 rinomati cantieri navali del mondo e accoglie oltre 590 aziende leader del settore yachting.\u00a0<strong>Nel mese di settembre, l\u2019industria yachting si rivolge esclusivamente alla Monaco Yacht Show, dove 40 nuovi\u00a0lanci vengono annualmente presentati in un debutto a livello mondiale.<\/strong><\/span><span style=\"color: black; font-family: 'arial' , 'helvetica' , sans-serif;\">Il Monaco Yacht Show fa del\u00a0<\/span><span style=\"font-family: 'arial' , 'helvetica' , sans-serif;\">Principato di Monaco la capitale indiscussa di yachting.<\/span><\/div>\n<\/div>\n<div style=\"clear: both; text-align: center;\"><a style=\"clear: left; float: left; margin-bottom: 1em; margin-right: 1em;\" href=\"https:\/\/1.bp.blogspot.com\/-f-N579uIESc\/XS8pbEeXNPI\/AAAAAAAABfs\/Z6x6Hl3ph6k6kfbniqsiGkEmnwUjDs-0QCEwYBhgL\/s1600\/monaco-Yacht-Show.jpg\"><img loading=\"lazy\" class=\"alignnone\" src=\"https:\/\/1.bp.blogspot.com\/-f-N579uIESc\/XS8pbEeXNPI\/AAAAAAAABfs\/Z6x6Hl3ph6k6kfbniqsiGkEmnwUjDs-0QCEwYBhgL\/s640\/monaco-Yacht-Show.jpg\" width=\"640\" height=\"304\" border=\"0\" data-original-height=\"419\" data-original-width=\"880\" \/><\/a><\/div>\n<p>\u00a0<\/p>\n<p>\u00a0<\/p>\n<p>\u00a0<\/p>\n<p>\u00a0<\/p>\n<p>\u00a0<\/p>\n<p>\u00a0<\/p>\n<p>\u00a0<\/p>\n<p><span style=\"font-family: 'arial' , 'helvetica' , sans-serif;\">La Mostra riunisce l\u2019\u00e9lite sociale e i leader dell\u2019industria yachting per sperimentare i migliori superyacht di razza e presentare il mondo di beni e servizi di lusso nel mondo.<\/span><\/p>\n<\/div><\/div>\n\n\n\n<p><\/p>\n","protected":false},"excerpt":{"rendered":"","protected":false},"author":1,"featured_media":0,"comment_status":"closed","ping_status":"open","sticky":false,"template":"","format":"standard","meta":[],"categories":[2816],"tags":[],"yoast_head":"<!-- This site is optimized with the Yoast SEO plugin v16.2 - https:\/\/yoast.com\/wordpress\/plugins\/seo\/ -->\n<title>Anche quest\u2019anno siamo con Floating Life al Monaco Yacht Show 2019 - Encanto PR Blog<\/title>\n<meta name=\"robots\" content=\"index, follow, max-snippet:-1, max-image-preview:large, max-video-preview:-1\" \/>\n<link rel=\"canonical\" href=\"https:\/\/www.encanto.biz\/blog\/anche-questanno-siamo-con-floating-life-al-monaco-yacht-show-2019\/\" \/>\n<meta property=\"og:locale\" content=\"it_IT\" \/>\n<meta property=\"og:type\" content=\"article\" \/>\n<meta property=\"og:title\" content=\"Anche quest\u2019anno siamo con Floating Life al Monaco Yacht Show 2019 - Encanto PR Blog\" \/>\n<meta property=\"og:url\" content=\"https:\/\/www.encanto.biz\/blog\/anche-questanno-siamo-con-floating-life-al-monaco-yacht-show-2019\/\" \/>\n<meta property=\"og:site_name\" content=\"Encanto PR Blog\" \/>\n<meta property=\"article:published_time\" content=\"2019-07-17T14:10:00+00:00\" \/>\n<meta property=\"article:modified_time\" content=\"2021-04-12T11:16:12+00:00\" \/>\n<meta property=\"og:image\" content=\"https:\/\/1.bp.blogspot.com\/-kj-I4GLk52o\/XTHGpduUlSI\/AAAAAAAABgY\/zz4_yz9vt40GuzD2lfzH-svH2W9OLQ6NgCLcBGAs\/s640\/Yacht-floating-life.jpg\" \/>\n<meta name=\"twitter:card\" content=\"summary_large_image\" \/>\n<meta name=\"twitter:label1\" content=\"Tempo di lettura stimato\">\n\t<meta name=\"twitter:data1\" content=\"2 minuti\">\n<script type=\"application\/ld+json\" class=\"yoast-schema-graph\">{\"@context\":\"https:\/\/schema.org\",\"@graph\":[{\"@type\":\"WebSite\",\"@id\":\"https:\/\/www.encanto.biz\/blog\/#website\",\"url\":\"https:\/\/www.encanto.biz\/blog\/\",\"name\":\"Encanto PR Blog\",\"description\":\"The business value of your good stories\",\"potentialAction\":[{\"@type\":\"SearchAction\",\"target\":\"https:\/\/www.encanto.biz\/blog\/?s={search_term_string}\",\"query-input\":\"required name=search_term_string\"}],\"inLanguage\":\"it-IT\"},{\"@type\":\"ImageObject\",\"@id\":\"https:\/\/www.encanto.biz\/blog\/anche-questanno-siamo-con-floating-life-al-monaco-yacht-show-2019\/#primaryimage\",\"inLanguage\":\"it-IT\",\"url\":\"https:\/\/1.bp.blogspot.com\/-kj-I4GLk52o\/XTHGpduUlSI\/AAAAAAAABgY\/zz4_yz9vt40GuzD2lfzH-svH2W9OLQ6NgCLcBGAs\/s640\/Yacht-floating-life.jpg\",\"contentUrl\":\"https:\/\/1.bp.blogspot.com\/-kj-I4GLk52o\/XTHGpduUlSI\/AAAAAAAABgY\/zz4_yz9vt40GuzD2lfzH-svH2W9OLQ6NgCLcBGAs\/s640\/Yacht-floating-life.jpg\"},{\"@type\":\"WebPage\",\"@id\":\"https:\/\/www.encanto.biz\/blog\/anche-questanno-siamo-con-floating-life-al-monaco-yacht-show-2019\/#webpage\",\"url\":\"https:\/\/www.encanto.biz\/blog\/anche-questanno-siamo-con-floating-life-al-monaco-yacht-show-2019\/\",\"name\":\"Anche quest\\u2019anno siamo con Floating Life al Monaco Yacht Show 2019 - Encanto PR Blog\",\"isPartOf\":{\"@id\":\"https:\/\/www.encanto.biz\/blog\/#website\"},\"primaryImageOfPage\":{\"@id\":\"https:\/\/www.encanto.biz\/blog\/anche-questanno-siamo-con-floating-life-al-monaco-yacht-show-2019\/#primaryimage\"},\"datePublished\":\"2019-07-17T14:10:00+00:00\",\"dateModified\":\"2021-04-12T11:16:12+00:00\",\"author\":{\"@id\":\"https:\/\/www.encanto.biz\/blog\/#\/schema\/person\/cda125db4047344d9c95b1075092385b\"},\"breadcrumb\":{\"@id\":\"https:\/\/www.encanto.biz\/blog\/anche-questanno-siamo-con-floating-life-al-monaco-yacht-show-2019\/#breadcrumb\"},\"inLanguage\":\"it-IT\",\"potentialAction\":[{\"@type\":\"ReadAction\",\"target\":[\"https:\/\/www.encanto.biz\/blog\/anche-questanno-siamo-con-floating-life-al-monaco-yacht-show-2019\/\"]}]},{\"@type\":\"BreadcrumbList\",\"@id\":\"https:\/\/www.encanto.biz\/blog\/anche-questanno-siamo-con-floating-life-al-monaco-yacht-show-2019\/#breadcrumb\",\"itemListElement\":[{\"@type\":\"ListItem\",\"position\":1,\"item\":{\"@type\":\"WebPage\",\"@id\":\"https:\/\/www.encanto.biz\/blog\/\",\"url\":\"https:\/\/www.encanto.biz\/blog\/\",\"name\":\"Home\"}},{\"@type\":\"ListItem\",\"position\":2,\"item\":{\"@id\":\"https:\/\/www.encanto.biz\/blog\/anche-questanno-siamo-con-floating-life-al-monaco-yacht-show-2019\/#webpage\"}}]},{\"@type\":\"Person\",\"@id\":\"https:\/\/www.encanto.biz\/blog\/#\/schema\/person\/cda125db4047344d9c95b1075092385b\",\"name\":\"Encanto\",\"sameAs\":[\"http:\/\/www.encanto.biz\/blog\"]}]}<\/script>\n<!-- \/ Yoast SEO plugin. -->","_links":{"self":[{"href":"https:\/\/www.encanto.biz\/blog\/wp-json\/wp\/v2\/posts\/40"}],"collection":[{"href":"https:\/\/www.encanto.biz\/blog\/wp-json\/wp\/v2\/posts"}],"about":[{"href":"https:\/\/www.encanto.biz\/blog\/wp-json\/wp\/v2\/types\/post"}],"author":[{"embeddable":true,"href":"https:\/\/www.encanto.biz\/blog\/wp-json\/wp\/v2\/users\/1"}],"replies":[{"embeddable":true,"href":"https:\/\/www.encanto.biz\/blog\/wp-json\/wp\/v2\/comments?post=40"}],"version-history":[{"count":10,"href":"https:\/\/www.encanto.biz\/blog\/wp-json\/wp\/v2\/posts\/40\/revisions"}],"predecessor-version":[{"id":1184,"href":"https:\/\/www.encanto.biz\/blog\/wp-json\/wp\/v2\/posts\/40\/revisions\/1184"}],"wp:attachment":[{"href":"https:\/\/www.encanto.biz\/blog\/wp-json\/wp\/v2\/media?parent=40"}],"wp:term":[{"taxonomy":"category","embeddable":true,"href":"https:\/\/www.encanto.biz\/blog\/wp-json\/wp\/v2\/categories?post=40"},{"taxonomy":"post_tag","embeddable":true,"href":"https:\/\/www.encanto.biz\/blog\/wp-json\/wp\/v2\/tags?post=40"}],"curies":[{"name":"wp","href":"https:\/\/api.w.org\/{rel}","templated":true}]}}