{"id":38,"date":"2019-11-15T14:00:00","date_gmt":"2019-11-15T14:00:00","guid":{"rendered":"http:\/\/www.encanto.biz\/blog\/uncategorized\/encanto-con-la-stampa-alla-xxi-giornata-nazionale-del-trauma-cranico-anatomia-di-un-ritorno-alla-vita-dopo-un-grave-trauma-cranico\/"},"modified":"2021-04-12T11:48:09","modified_gmt":"2021-04-12T10:48:09","slug":"encanto-con-la-stampa-alla-xxi-giornata-nazionale-del-trauma-cranico-anatomia-di-un-ritorno-alla-vita-dopo-un-grave-trauma-cranico","status":"publish","type":"post","link":"https:\/\/www.encanto.biz\/blog\/encanto-con-la-stampa-alla-xxi-giornata-nazionale-del-trauma-cranico-anatomia-di-un-ritorno-alla-vita-dopo-un-grave-trauma-cranico\/","title":{"rendered":"Incontro stampa alla XXI Giornata Nazionale del Trauma Cranico"},"content":{"rendered":"<div style=\"clear: both; text-align: center;\"><a style=\"margin-left: 1em; margin-right: 1em;\" href=\"https:\/\/1.bp.blogspot.com\/--679uSBnm04\/Xc5zS5BfZPI\/AAAAAAAABiI\/S7aq6mv6p_oE8PKtk_r5QfH9lkvLf2X6QCLcBGAsYHQ\/s1600\/Save%2Bthe%2BDate-min.jpg\"><img loading=\"lazy\" src=\"https:\/\/1.bp.blogspot.com\/--679uSBnm04\/Xc5zS5BfZPI\/AAAAAAAABiI\/S7aq6mv6p_oE8PKtk_r5QfH9lkvLf2X6QCLcBGAsYHQ\/s640\/Save%2Bthe%2BDate-min.jpg\" width=\"640\" height=\"584\" border=\"0\" data-original-height=\"1467\" data-original-width=\"1600\" \/><\/a><\/div>\n<div style=\"line-height: 18.4px; text-align: center;\" align=\"center\">\n<div style=\"text-align: left;\">\n<div style=\"text-align: justify;\"><span style=\"font-family: inherit;\">In occasione della X<strong>XI Giornata Nazionale del Trauma Cranico<\/strong>, sabato 16 novembre a Bergamo si svolger\u00e0 il convegno &#8220;Anatomia di un ritorno alla vita dopo un grave trauma cranico&#8221;. <strong>L&#8217;incontro<\/strong><\/span><strong>\u00a0\u00e8 organizzato dall&#8217;Associazione Amici di Samuel ed \u00e8 promosso dalla <a href=\"https:\/\/www.associazionitraumi.it\/\">Federazione Nazionale Associazioni Trauma Cranico<\/a><\/strong>, con cui<a href=\"http:\/\/encanto.biz\/\"> Encanto PR<\/a> collabora per il secondo anno consecutivo dopo la XX Giornata del Trauma Cranico dell&#8217;anno scorso a Milano e sar\u00e0 ovviamente presente anche all&#8217;edizione di quest&#8217;anno.<\/div>\n<\/div>\n<div style=\"text-align: left;\">\n<div style=\"text-align: justify;\"><span style=\"font-family: inherit;\">\u00a0<\/span><\/div>\n<\/div>\n<div style=\"line-height: 115%; margin-bottom: 0cm; text-align: justify;\">\n<div style=\"text-align: justify;\"><span style=\"font-family: inherit; line-height: 115%;\"><strong>Il trauma cranico \u00e8 la prima causa di morte e disabilit\u00e0 permanente negli individui sotto i 45 anni di et\u00e0 e la causa pi\u00f9 frequente di decesso tra tutti gli eventi traumatici<\/strong> (dati Istat), in particolare a causa di incidenti stradali per eccesso di velocit\u00e0 e disattenzione. In Italia ci sono circa 15-20 casi di gravi cerebrolesioni acquisite per 100.000 abitanti l\u2019anno, nella sola Lombardia si calcolano dagli 800 ai 1000 casi annui.<\/span><\/div>\n<\/div>\n<div style=\"line-height: 115%; margin-bottom: 0cm; text-align: justify;\">\n<div style=\"text-align: justify;\"><span style=\"font-family: inherit; line-height: 115%;\">\u00a0<\/span><\/div>\n<\/div>\n<div style=\"text-align: left;\">\n<div style=\"text-align: justify;\"><span style=\"font-family: inherit;\">Sar\u00e0 un prezioso momento di confronto tra scienziati, professionisti del settore e familiari di persone colpite da traumi cranici encefalici; l<strong>a giornata sar\u00e0 incentrata sull&#8217;informare e diffondere consapevolezza e verter\u00e0 su argomenti quali la prevenzione<\/strong>, la multidisciplinariet\u00e0 della terapia e le varie sfide da dover affrontare quando si \u00e8 vittima di una grave cerebrolesione acquisita.<\/span><\/div>\n<\/div>\n<div style=\"text-align: left;\">\n<div style=\"text-align: justify;\"><span style=\"font-family: inherit;\">\u00a0<\/span><\/div>\n<\/div>\n<div style=\"text-align: left;\"><\/div>\n<div style=\"line-height: 115%; margin-bottom: 0cm; text-align: justify;\">\n<div style=\"text-align: justify;\"><span style=\"font-family: inherit; line-height: 115%;\">\u201cLa Giornata Nazionale del Trauma Cranico \u00e8 un importante momento di incontro e confronto tra tutti i rappresentanti delle Associazioni\u201d <strong>commenta Sandro Feller, Presidente della 21\u00b0 GNTC<\/strong> \u201cEmerge una chiara fotografia dell\u2019assistenza e della riabilitazione della Grave cerebrolesione acquisita (GCA) in Italia. Pur con disomogeneit\u00e0 nei vari territori e aspetti da migliorare, il percorso sanitario ospedaliero presenta un buon livello di efficienza e organizzazione. Le criticit\u00e0 emergono nel momento successivo all\u2019emergenza, ovvero il ritorno a casa e il successivo reinserimento lavorativo e sociale. Ad eccezione di poche realt\u00e0 isolate, si fatica a proseguire e completare il percorso iniziato durante la fase acuta\u201d.<\/span><\/div>\n<\/div>\n<div style=\"text-align: justify;\"><span style=\"font-family: inherit;\">\u00a0<\/span><\/div>\n<div style=\"text-align: left;\">\n<div style=\"text-align: left;\"><span style=\"font-family: inherit; text-align: justify;\"><strong>La GCA, infatti, \u00e8 un problema non solo sanitario ma anche sociale e familiare.<\/strong> Per questo motivo, la terapia deve essere multidisciplinare: il paziente va ristabilito fisicamente, mentalmente e soprattutto, nella fase post acuta, a livello sociale e comportamentale. L<strong>\u2019obiettivo \u00e8 rendere possibile il loro reintegro totale nella societ\u00e0, anche nei casi pi\u00f9 complessi.<\/strong> In questo senso si stanno facendo grandi passi avanti e, anche quando si presenta un paziente particolarmente complicato, ora c&#8217;\u00e8 sempre la concreta speranza di poter ottenere la miglior risposta possibile dalla terapia.<\/span><\/div>\n<\/div>\n<div style=\"line-height: 115%; margin-bottom: 0cm; text-align: justify;\">\n<div style=\"text-align: justify;\"><span style=\"font-family: inherit; line-height: 115%;\">\u00a0<\/span><\/div>\n<\/div>\n<div style=\"line-height: 115%; margin-bottom: 0cm; text-align: justify;\">\n<div style=\"text-align: justify;\"><span style=\"font-family: inherit;\">Di questo nuovo approccio ne parler\u00e0\u00a0la dottoressa e relatrice del convegno <strong>Marina Zettin, direttrice del Centro Puzzle di Torino,<\/strong> Centro che si occupa esclusivamente dei traumatizzati cranici e delle gravi cerebrolesioni acquisite, anticipandone delle tematiche: \u201cDopo la riabilitazione ospedaliera, il percorso di chi ha subito un grave trauma cranico non \u00e8 concluso, ma anzi entra nella sua fase pi\u00f9 prolifica, cio\u00e8 la parte socio-sanitaria: il paziente deve essere guarito a livello globale. Per questo noi del Centro Puzzle di Torino adottiamo un approccio olistico dove, a prescindere dalle condizioni del traumatizzato, partendo da una base teorica ricerchiamo nuove vie per una riabilitazione ad hoc, che coinvolga anche la famiglia e il lavoro. Alle terapie come la logopedia e la fisioterapia vengono affiancati dei trattamenti appositi per risolvere i problemi neuro-comportamentali; qui ci viene in soccorso la tecnologia: utilizziamo dei software per stimolare l\u2019apprendimento della comunicazione verbale, gestuale e visiva, e un robot per l\u2019equilibrio per gli esercizi di natura motoria e attentiva. La multidisciplinariet\u00e0 dell\u2019intervento \u00e8 fondamentale, poich\u00e9 tante funzioni del cervello corrispondono a tanti ingranaggi da dover solleticare\u201d.<\/span><\/div>\n<\/div>\n<\/div>\n","protected":false},"excerpt":{"rendered":"<p>In occasione della XXI Giornata Nazionale del Trauma Cranico, sabato 16 novembre a Bergamo si<\/p>\n","protected":false},"author":1,"featured_media":0,"comment_status":"closed","ping_status":"open","sticky":false,"template":"","format":"standard","meta":[],"categories":[2800],"tags":[],"yoast_head":"<!-- This site is optimized with the Yoast SEO plugin v16.2 - https:\/\/yoast.com\/wordpress\/plugins\/seo\/ -->\n<title>Incontro stampa alla XXI Giornata Nazionale del Trauma Cranico - Encanto PR Blog<\/title>\n<meta name=\"robots\" content=\"index, follow, max-snippet:-1, max-image-preview:large, max-video-preview:-1\" \/>\n<link rel=\"canonical\" href=\"https:\/\/www.encanto.biz\/blog\/encanto-con-la-stampa-alla-xxi-giornata-nazionale-del-trauma-cranico-anatomia-di-un-ritorno-alla-vita-dopo-un-grave-trauma-cranico\/\" \/>\n<meta property=\"og:locale\" content=\"it_IT\" \/>\n<meta property=\"og:type\" content=\"article\" \/>\n<meta property=\"og:title\" content=\"Incontro stampa alla XXI Giornata Nazionale del Trauma Cranico - Encanto PR Blog\" \/>\n<meta property=\"og:description\" content=\"In occasione della XXI Giornata Nazionale del Trauma Cranico, sabato 16 novembre a Bergamo si\" \/>\n<meta property=\"og:url\" content=\"https:\/\/www.encanto.biz\/blog\/encanto-con-la-stampa-alla-xxi-giornata-nazionale-del-trauma-cranico-anatomia-di-un-ritorno-alla-vita-dopo-un-grave-trauma-cranico\/\" \/>\n<meta property=\"og:site_name\" content=\"Encanto PR Blog\" \/>\n<meta property=\"article:published_time\" content=\"2019-11-15T14:00:00+00:00\" \/>\n<meta property=\"article:modified_time\" content=\"2021-04-12T10:48:09+00:00\" \/>\n<meta property=\"og:image\" content=\"https:\/\/1.bp.blogspot.com\/--679uSBnm04\/Xc5zS5BfZPI\/AAAAAAAABiI\/S7aq6mv6p_oE8PKtk_r5QfH9lkvLf2X6QCLcBGAsYHQ\/s640\/Save%2Bthe%2BDate-min.jpg\" \/>\n<meta name=\"twitter:card\" content=\"summary_large_image\" \/>\n<meta name=\"twitter:label1\" content=\"Tempo di lettura stimato\">\n\t<meta name=\"twitter:data1\" content=\"3 minuti\">\n<script type=\"application\/ld+json\" class=\"yoast-schema-graph\">{\"@context\":\"https:\/\/schema.org\",\"@graph\":[{\"@type\":\"WebSite\",\"@id\":\"https:\/\/www.encanto.biz\/blog\/#website\",\"url\":\"https:\/\/www.encanto.biz\/blog\/\",\"name\":\"Encanto PR Blog\",\"description\":\"The business value of your good stories\",\"potentialAction\":[{\"@type\":\"SearchAction\",\"target\":\"https:\/\/www.encanto.biz\/blog\/?s={search_term_string}\",\"query-input\":\"required name=search_term_string\"}],\"inLanguage\":\"it-IT\"},{\"@type\":\"ImageObject\",\"@id\":\"https:\/\/www.encanto.biz\/blog\/encanto-con-la-stampa-alla-xxi-giornata-nazionale-del-trauma-cranico-anatomia-di-un-ritorno-alla-vita-dopo-un-grave-trauma-cranico\/#primaryimage\",\"inLanguage\":\"it-IT\",\"url\":\"https:\/\/1.bp.blogspot.com\/--679uSBnm04\/Xc5zS5BfZPI\/AAAAAAAABiI\/S7aq6mv6p_oE8PKtk_r5QfH9lkvLf2X6QCLcBGAsYHQ\/s640\/Save%2Bthe%2BDate-min.jpg\",\"contentUrl\":\"https:\/\/1.bp.blogspot.com\/--679uSBnm04\/Xc5zS5BfZPI\/AAAAAAAABiI\/S7aq6mv6p_oE8PKtk_r5QfH9lkvLf2X6QCLcBGAsYHQ\/s640\/Save%2Bthe%2BDate-min.jpg\"},{\"@type\":\"WebPage\",\"@id\":\"https:\/\/www.encanto.biz\/blog\/encanto-con-la-stampa-alla-xxi-giornata-nazionale-del-trauma-cranico-anatomia-di-un-ritorno-alla-vita-dopo-un-grave-trauma-cranico\/#webpage\",\"url\":\"https:\/\/www.encanto.biz\/blog\/encanto-con-la-stampa-alla-xxi-giornata-nazionale-del-trauma-cranico-anatomia-di-un-ritorno-alla-vita-dopo-un-grave-trauma-cranico\/\",\"name\":\"Incontro stampa alla XXI Giornata Nazionale del Trauma Cranico - Encanto PR Blog\",\"isPartOf\":{\"@id\":\"https:\/\/www.encanto.biz\/blog\/#website\"},\"primaryImageOfPage\":{\"@id\":\"https:\/\/www.encanto.biz\/blog\/encanto-con-la-stampa-alla-xxi-giornata-nazionale-del-trauma-cranico-anatomia-di-un-ritorno-alla-vita-dopo-un-grave-trauma-cranico\/#primaryimage\"},\"datePublished\":\"2019-11-15T14:00:00+00:00\",\"dateModified\":\"2021-04-12T10:48:09+00:00\",\"author\":{\"@id\":\"https:\/\/www.encanto.biz\/blog\/#\/schema\/person\/cda125db4047344d9c95b1075092385b\"},\"breadcrumb\":{\"@id\":\"https:\/\/www.encanto.biz\/blog\/encanto-con-la-stampa-alla-xxi-giornata-nazionale-del-trauma-cranico-anatomia-di-un-ritorno-alla-vita-dopo-un-grave-trauma-cranico\/#breadcrumb\"},\"inLanguage\":\"it-IT\",\"potentialAction\":[{\"@type\":\"ReadAction\",\"target\":[\"https:\/\/www.encanto.biz\/blog\/encanto-con-la-stampa-alla-xxi-giornata-nazionale-del-trauma-cranico-anatomia-di-un-ritorno-alla-vita-dopo-un-grave-trauma-cranico\/\"]}]},{\"@type\":\"BreadcrumbList\",\"@id\":\"https:\/\/www.encanto.biz\/blog\/encanto-con-la-stampa-alla-xxi-giornata-nazionale-del-trauma-cranico-anatomia-di-un-ritorno-alla-vita-dopo-un-grave-trauma-cranico\/#breadcrumb\",\"itemListElement\":[{\"@type\":\"ListItem\",\"position\":1,\"item\":{\"@type\":\"WebPage\",\"@id\":\"https:\/\/www.encanto.biz\/blog\/\",\"url\":\"https:\/\/www.encanto.biz\/blog\/\",\"name\":\"Home\"}},{\"@type\":\"ListItem\",\"position\":2,\"item\":{\"@id\":\"https:\/\/www.encanto.biz\/blog\/encanto-con-la-stampa-alla-xxi-giornata-nazionale-del-trauma-cranico-anatomia-di-un-ritorno-alla-vita-dopo-un-grave-trauma-cranico\/#webpage\"}}]},{\"@type\":\"Person\",\"@id\":\"https:\/\/www.encanto.biz\/blog\/#\/schema\/person\/cda125db4047344d9c95b1075092385b\",\"name\":\"Encanto\",\"sameAs\":[\"http:\/\/www.encanto.biz\/blog\"]}]}<\/script>\n<!-- \/ Yoast SEO plugin. -->","_links":{"self":[{"href":"https:\/\/www.encanto.biz\/blog\/wp-json\/wp\/v2\/posts\/38"}],"collection":[{"href":"https:\/\/www.encanto.biz\/blog\/wp-json\/wp\/v2\/posts"}],"about":[{"href":"https:\/\/www.encanto.biz\/blog\/wp-json\/wp\/v2\/types\/post"}],"author":[{"embeddable":true,"href":"https:\/\/www.encanto.biz\/blog\/wp-json\/wp\/v2\/users\/1"}],"replies":[{"embeddable":true,"href":"https:\/\/www.encanto.biz\/blog\/wp-json\/wp\/v2\/comments?post=38"}],"version-history":[{"count":3,"href":"https:\/\/www.encanto.biz\/blog\/wp-json\/wp\/v2\/posts\/38\/revisions"}],"predecessor-version":[{"id":1161,"href":"https:\/\/www.encanto.biz\/blog\/wp-json\/wp\/v2\/posts\/38\/revisions\/1161"}],"wp:attachment":[{"href":"https:\/\/www.encanto.biz\/blog\/wp-json\/wp\/v2\/media?parent=38"}],"wp:term":[{"taxonomy":"category","embeddable":true,"href":"https:\/\/www.encanto.biz\/blog\/wp-json\/wp\/v2\/categories?post=38"},{"taxonomy":"post_tag","embeddable":true,"href":"https:\/\/www.encanto.biz\/blog\/wp-json\/wp\/v2\/tags?post=38"}],"curies":[{"name":"wp","href":"https:\/\/api.w.org\/{rel}","templated":true}]}}