{"id":27,"date":"2020-02-06T16:16:00","date_gmt":"2020-02-06T16:16:00","guid":{"rendered":"http:\/\/www.encanto.biz\/blog\/uncategorized\/radio-italia-cina-trasmettiamo-la-verita-non-il-virus-della-paura\/"},"modified":"2021-03-24T17:39:24","modified_gmt":"2021-03-24T16:39:24","slug":"radio-italia-cina-trasmettiamo-la-verita-non-il-virus-della-paura","status":"publish","type":"post","link":"https:\/\/www.encanto.biz\/blog\/radio-italia-cina-trasmettiamo-la-verita-non-il-virus-della-paura\/","title":{"rendered":"Radio Italia Cina: trasmettiamo la verit\u00e0, non il virus (della paura)"},"content":{"rendered":"<div style=\"clear: both; text-align: center;\"><\/div>\n<p>Abbiamo contattato il fondatore e\u00a0 direttore della Radio Italia-Cina, Andrea Franceschini sul tema del Coronavirus e il ruolo della comunicazione<\/p>\n<p>&#8220;Nelle ultime settimane sto riscontrando opinioni molto polarizzate: da una parte c&#8217;\u00e8 chi ha paura, dall&#8217;altra chi invece giustamente predica calma. Finora, in Italia i casi accertati sono stati solo 2, l&#8217;epidemia riguarda quasi esclusivamente la dimensione cinese in realt\u00e0. Io credo che questa paura diffusa sia molto alimentata dai media europei, i quali hanno pubblicato notizie spesso non veritiere senza effettivamente verificarne le fonti. La cosa che mi preoccupa di pi\u00f9 non \u00e8 tanto il virus, quanto la sua conseguenza, e in particolare il razzismo verso la comunit\u00e0 cinese. Non \u00e8 con l&#8217;esclusione che risolveremo il problema, dobbiamo renderci conto che ad oggi non viviamo grossi rischi e che la situazione \u00e8 sotto controllo&#8221;.<\/p>\n<p>&#8211;<b>Riguardo questo tema, come possiamo andare incontro alla comunit\u00e0 cinese e tornare a rispettare la loro cultura?<\/b><br \/>\nNon c&#8217;\u00e8 bisogno di gesti plateali o spettacolarizzazioni, personalmente credo che sia importante continuare la propria vita di tutti i giorni senza cadere vittime di panico e isteria collettiva. Certo, \u00e8 importante prendere le giuste precauzioni come seguire le linee guida pubblicate dall&#8217;OMS, ma si parla comunque di regole generali, valide a livello universale e a prescindere dal coronavirus. Settimana scorsa sono andato alle celebrazioni per il Capodanno cinese nella mia citt\u00e0, Prato, e ho anche mangiato in un ristorante cinese; possono sembrare cose banali, ma la normalit\u00e0 \u00e8 l&#8217;arma migliore che abbiamo per combattere l&#8217;esclusione.<\/p>\n<p>&#8211;<b>Ha qualche consiglio da offrire alle aziende? Come crede dovrebbero comunicare in questo particolare momento storico?<\/b><br \/>\nCredo sia fondamentale che le aziende diffondano notizie reali e non fake news, anche tramite i loro canali social: visto il sentimento generale, \u00e8 importante stare attenti a quello che si dice e si condivide, soprattutto per le aziende con grandi bacini d&#8217;utenza.<\/p>\n","protected":false},"excerpt":{"rendered":"<p>Abbiamo contattato il fondatore e\u00a0 direttore della Radio Italia-Cina, Andrea Franceschini sul tema del Coronavirus<\/p>\n","protected":false},"author":1,"featured_media":1008,"comment_status":"closed","ping_status":"open","sticky":false,"template":"","format":"standard","meta":[],"categories":[2804],"tags":[],"yoast_head":"<!-- This site is optimized with the Yoast SEO plugin v16.2 - https:\/\/yoast.com\/wordpress\/plugins\/seo\/ -->\n<title>Radio Italia Cina: trasmettiamo la verit\u00e0, non il virus (della paura) - Encanto PR Blog<\/title>\n<meta name=\"robots\" content=\"index, follow, max-snippet:-1, max-image-preview:large, max-video-preview:-1\" \/>\n<link rel=\"canonical\" href=\"https:\/\/www.encanto.biz\/blog\/radio-italia-cina-trasmettiamo-la-verita-non-il-virus-della-paura\/\" \/>\n<meta property=\"og:locale\" content=\"it_IT\" \/>\n<meta property=\"og:type\" content=\"article\" \/>\n<meta property=\"og:title\" content=\"Radio Italia Cina: trasmettiamo la verit\u00e0, non il virus (della paura) - Encanto PR Blog\" \/>\n<meta property=\"og:description\" content=\"Abbiamo contattato il fondatore e\u00a0 direttore della Radio Italia-Cina, Andrea Franceschini sul tema del Coronavirus\" \/>\n<meta property=\"og:url\" content=\"https:\/\/www.encanto.biz\/blog\/radio-italia-cina-trasmettiamo-la-verita-non-il-virus-della-paura\/\" \/>\n<meta property=\"og:site_name\" content=\"Encanto PR Blog\" \/>\n<meta property=\"article:published_time\" content=\"2020-02-06T16:16:00+00:00\" \/>\n<meta property=\"article:modified_time\" content=\"2021-03-24T16:39:24+00:00\" \/>\n<meta property=\"og:image\" content=\"http:\/\/www.encanto.biz\/blog\/wp-content\/uploads\/2020\/02\/team-encanto-radioitaliacina-coronavirus.jpg\" \/>\n\t<meta property=\"og:image:width\" content=\"1600\" \/>\n\t<meta property=\"og:image:height\" content=\"1131\" \/>\n<meta name=\"twitter:card\" content=\"summary_large_image\" \/>\n<meta name=\"twitter:label1\" content=\"Tempo di lettura stimato\">\n\t<meta name=\"twitter:data1\" content=\"2 minuti\">\n<script type=\"application\/ld+json\" class=\"yoast-schema-graph\">{\"@context\":\"https:\/\/schema.org\",\"@graph\":[{\"@type\":\"WebSite\",\"@id\":\"https:\/\/www.encanto.biz\/blog\/#website\",\"url\":\"https:\/\/www.encanto.biz\/blog\/\",\"name\":\"Encanto PR Blog\",\"description\":\"The business value of your good stories\",\"potentialAction\":[{\"@type\":\"SearchAction\",\"target\":\"https:\/\/www.encanto.biz\/blog\/?s={search_term_string}\",\"query-input\":\"required name=search_term_string\"}],\"inLanguage\":\"it-IT\"},{\"@type\":\"ImageObject\",\"@id\":\"https:\/\/www.encanto.biz\/blog\/radio-italia-cina-trasmettiamo-la-verita-non-il-virus-della-paura\/#primaryimage\",\"inLanguage\":\"it-IT\",\"url\":\"https:\/\/www.encanto.biz\/blog\/wp-content\/uploads\/2020\/02\/team-encanto-radioitaliacina-coronavirus.jpg\",\"contentUrl\":\"https:\/\/www.encanto.biz\/blog\/wp-content\/uploads\/2020\/02\/team-encanto-radioitaliacina-coronavirus.jpg\",\"width\":1600,\"height\":1131},{\"@type\":\"WebPage\",\"@id\":\"https:\/\/www.encanto.biz\/blog\/radio-italia-cina-trasmettiamo-la-verita-non-il-virus-della-paura\/#webpage\",\"url\":\"https:\/\/www.encanto.biz\/blog\/radio-italia-cina-trasmettiamo-la-verita-non-il-virus-della-paura\/\",\"name\":\"Radio Italia Cina: trasmettiamo la verit\\u00e0, non il virus (della paura) - Encanto PR Blog\",\"isPartOf\":{\"@id\":\"https:\/\/www.encanto.biz\/blog\/#website\"},\"primaryImageOfPage\":{\"@id\":\"https:\/\/www.encanto.biz\/blog\/radio-italia-cina-trasmettiamo-la-verita-non-il-virus-della-paura\/#primaryimage\"},\"datePublished\":\"2020-02-06T16:16:00+00:00\",\"dateModified\":\"2021-03-24T16:39:24+00:00\",\"author\":{\"@id\":\"https:\/\/www.encanto.biz\/blog\/#\/schema\/person\/cda125db4047344d9c95b1075092385b\"},\"breadcrumb\":{\"@id\":\"https:\/\/www.encanto.biz\/blog\/radio-italia-cina-trasmettiamo-la-verita-non-il-virus-della-paura\/#breadcrumb\"},\"inLanguage\":\"it-IT\",\"potentialAction\":[{\"@type\":\"ReadAction\",\"target\":[\"https:\/\/www.encanto.biz\/blog\/radio-italia-cina-trasmettiamo-la-verita-non-il-virus-della-paura\/\"]}]},{\"@type\":\"BreadcrumbList\",\"@id\":\"https:\/\/www.encanto.biz\/blog\/radio-italia-cina-trasmettiamo-la-verita-non-il-virus-della-paura\/#breadcrumb\",\"itemListElement\":[{\"@type\":\"ListItem\",\"position\":1,\"item\":{\"@type\":\"WebPage\",\"@id\":\"https:\/\/www.encanto.biz\/blog\/\",\"url\":\"https:\/\/www.encanto.biz\/blog\/\",\"name\":\"Home\"}},{\"@type\":\"ListItem\",\"position\":2,\"item\":{\"@id\":\"https:\/\/www.encanto.biz\/blog\/radio-italia-cina-trasmettiamo-la-verita-non-il-virus-della-paura\/#webpage\"}}]},{\"@type\":\"Person\",\"@id\":\"https:\/\/www.encanto.biz\/blog\/#\/schema\/person\/cda125db4047344d9c95b1075092385b\",\"name\":\"Encanto\",\"sameAs\":[\"http:\/\/www.encanto.biz\/blog\"]}]}<\/script>\n<!-- \/ Yoast SEO plugin. -->","_links":{"self":[{"href":"https:\/\/www.encanto.biz\/blog\/wp-json\/wp\/v2\/posts\/27"}],"collection":[{"href":"https:\/\/www.encanto.biz\/blog\/wp-json\/wp\/v2\/posts"}],"about":[{"href":"https:\/\/www.encanto.biz\/blog\/wp-json\/wp\/v2\/types\/post"}],"author":[{"embeddable":true,"href":"https:\/\/www.encanto.biz\/blog\/wp-json\/wp\/v2\/users\/1"}],"replies":[{"embeddable":true,"href":"https:\/\/www.encanto.biz\/blog\/wp-json\/wp\/v2\/comments?post=27"}],"version-history":[{"count":2,"href":"https:\/\/www.encanto.biz\/blog\/wp-json\/wp\/v2\/posts\/27\/revisions"}],"predecessor-version":[{"id":1010,"href":"https:\/\/www.encanto.biz\/blog\/wp-json\/wp\/v2\/posts\/27\/revisions\/1010"}],"wp:featuredmedia":[{"embeddable":true,"href":"https:\/\/www.encanto.biz\/blog\/wp-json\/wp\/v2\/media\/1008"}],"wp:attachment":[{"href":"https:\/\/www.encanto.biz\/blog\/wp-json\/wp\/v2\/media?parent=27"}],"wp:term":[{"taxonomy":"category","embeddable":true,"href":"https:\/\/www.encanto.biz\/blog\/wp-json\/wp\/v2\/categories?post=27"},{"taxonomy":"post_tag","embeddable":true,"href":"https:\/\/www.encanto.biz\/blog\/wp-json\/wp\/v2\/tags?post=27"}],"curies":[{"name":"wp","href":"https:\/\/api.w.org\/{rel}","templated":true}]}}