{"id":2103,"date":"2024-07-25T14:37:02","date_gmt":"2024-07-25T13:37:02","guid":{"rendered":"https:\/\/www.encanto.biz\/blog\/?p=2103"},"modified":"2024-07-25T14:37:03","modified_gmt":"2024-07-25T13:37:03","slug":"giustizia-e-pubblico-di-roberto-gazzini-su-la-ragione","status":"publish","type":"post","link":"https:\/\/www.encanto.biz\/blog\/giustizia-e-pubblico-di-roberto-gazzini-su-la-ragione\/","title":{"rendered":"Giustizia e pubblico"},"content":{"rendered":"\n<h3>Le sentenze possono essere criticate, ma i provvedimenti vanno conosciuti<\/h3>\n\n\n\n<p>di <em>Roberto Gazzini<\/em><\/p>\n\n\n\n<p>Ho seguito per lavoro il processo riguardante i ragazzi americani Finnegan Elder e Natale Hjorth, accusati dell\u2019omicidio del carabiniere Mario Cerciello Rega. Gli articoli feroci sulla concessione degli arresti domiciliari a uno dei due ragazzi mi spingono a riflettere sul valore e l\u2019importanza di una corretta narrazione giornalistica, spesso invece influenzata da avvocati e Procure che ne approfittano per raccontare la loro versione dei fatti, talvolta ignorando le leggi e la Costituzione.<\/p>\n\n\n\n<p>A titolo esemplificativo ripercorro le tappe mediatiche di questa tragica vicenda. Nel 2020, in primo grado, i due ragazzi vengono condannati all\u2019ergastolo: La massima pena \u00e8 giustificata dall\u2019aggravante della resistenza a Pubblico Ufficiale: ragazzi sapevano di avere di fronte due carabinieri. Nessuna possibilit\u00e0 di patteggiamento, processo ordinario e massima pena. La stampa riprende il commento dell\u2019avocato della vedova \u201cSentenza \u00e8 esemplare per aver ucciso un servitore dello Stato\u201d&nbsp;<\/p>\n\n\n\n<p>Nel 2022, in appello, inizia ad emergere l\u2019incertezza dell&#8217;identificazione dei carabinieri, ma le pene restano elevate: 24 anni per Elder e 23 per Hjorth.&nbsp;<\/p>\n\n\n\n<p>La difesa ricorre in Cassazione che, nel 2023,&nbsp;&nbsp;evidenzia le lacune delle sentenze precedenti. Per Elder devono essere rivalutata l&#8217;accusa di resistenza a pubblico ufficiale, mentre per Hjorth, la sua volontariet\u00e0 nella partecipazione all&#8217;omicidio.<\/p>\n\n\n\n<p>Il nuovo processo del 3 luglio 2024 chiarisce che i carabinieri non hanno avuto il tempo di qualificarsi, quindi i ragazzi non potevano sapere che erano tutori dell\u2019ordine. Questo fa cadere l\u2019aggravante per Elder, mentre per Hjorth l\u2019accusa viene derubricata da concorso morale a concorso anomalo. Le pene vengono ridotte a 15 anni e due mesi per Elder e 11 anni e due mesi per Hjorth. Di fatto le stesse pene gi\u00e0 comminate in appello, ma ridotte di un terzo come previsto dal rito abbreviato (che \u00e8 stato concesso perch\u00e9 sono venute a mancare le aggravanti).<\/p>\n\n\n\n<p>L\u2019unico commento fuori dal coro mediatico che urla allo scandalo \u00e8 quello di&nbsp;&nbsp;&nbsp;Davide Giacalone su questo giornale che basandosi sui fatti e sulla conoscenza della materia, scrive: \u201cnon c\u2019\u00e8 stata alcuna riduzione arbitraria della pena. Nessun favoritismo abituale perch\u00e9 gli imputati sono cittadini americani. La legge \u00e8 stata semplicemente applicata\u201d.&nbsp;<\/p>\n\n\n\n<p>Quando gli avvocati di Hjorth a seguito della sentenza chiedono, e ottengono, gli arresti domiciliari per il ragazzo, I media danno ampio spazio ai commenti negativi degli avvocati di parte civile, dei politici e della stessa Procura Generale che fa ricorso contro gli arresti domiciliari. sottolineando il rischio di fuga e la possibilit\u00e0 di reiterazione del reato (nonostante il passaporto del ragazzo sia stato ritirato, lui abbia accettato il braccialetto elettronico e i giudici con la nuova sentenza abbiano riqualificato il reato da doloso a colposo, quindi non sussiste pi\u00f9 il pericolo che commetta un reato analogo a quello per cui \u00e8 stato condannato). Vedremo come andr\u00e0 a finire.<\/p>\n\n\n\n<p>Dopo 5 anni e 5 gradi di giudizio, \u00e8 emerso che i ragazzi non sapevano di avere di fronte due carabinieri. Aspettavano il pusher a cui avevano rubato lo zainetto, non due carabinieri e questo cambia di molto la lettura dell\u2019evento. Una persona \u00e8 morta e chi ha sbagliato deve pagare, ma l\u2019analisi dei fatti pu\u00f2 portare a giudizi diversi in termini legali, mediatici e di reputazione. Limitarsi a riferire di volta in volta cosa dicono le parti non \u00e8 pi\u00f9 sufficiente per fare del giornalismo. La mancanza di giudizio critico non permette ai lettori di farsi una corretta opinione.<\/p>\n\n\n\n<p>Questa storia mi ricorda un articolo di Valentina Stella dal titolo quanto mai attuale \u201cLe sentenze choc che non piacciono all\u2019opinione pubblica\u201d che citava in un passaggio che la giustizia non dovrebbe essere applicata in funzione di un sondaggio d\u2019opinione, ma dopo un processo.&nbsp;<\/p>\n","protected":false},"excerpt":{"rendered":"<p>Le sentenze possono essere criticate, ma i provvedimenti vanno conosciuti di Roberto Gazzini Ho seguito<\/p>\n","protected":false},"author":1,"featured_media":2104,"comment_status":"closed","ping_status":"open","sticky":false,"template":"","format":"standard","meta":[],"categories":[1],"tags":[],"yoast_head":"<!-- This site is optimized with the Yoast SEO plugin v16.2 - https:\/\/yoast.com\/wordpress\/plugins\/seo\/ -->\n<title>Giustizia e pubblico - Encanto PR Blog<\/title>\n<meta name=\"description\" content=\"Ho seguito per lavoro il processo riguardante i ragazzi americani Finnegan Elder e Natale Hjorth, accusati dell\u2019omicidio del carabiniere\" \/>\n<meta name=\"robots\" content=\"index, follow, max-snippet:-1, max-image-preview:large, max-video-preview:-1\" \/>\n<link rel=\"canonical\" href=\"https:\/\/www.encanto.biz\/blog\/giustizia-e-pubblico-di-roberto-gazzini-su-la-ragione\/\" \/>\n<meta property=\"og:locale\" content=\"it_IT\" \/>\n<meta property=\"og:type\" content=\"article\" \/>\n<meta property=\"og:title\" content=\"Giustizia e pubblico - Encanto PR Blog\" \/>\n<meta property=\"og:description\" content=\"Ho seguito per lavoro il processo riguardante i ragazzi americani Finnegan Elder e Natale Hjorth, accusati dell\u2019omicidio del carabiniere\" \/>\n<meta property=\"og:url\" content=\"https:\/\/www.encanto.biz\/blog\/giustizia-e-pubblico-di-roberto-gazzini-su-la-ragione\/\" \/>\n<meta property=\"og:site_name\" content=\"Encanto PR Blog\" \/>\n<meta property=\"article:published_time\" content=\"2024-07-25T13:37:02+00:00\" \/>\n<meta property=\"article:modified_time\" content=\"2024-07-25T13:37:03+00:00\" \/>\n<meta property=\"og:image\" content=\"https:\/\/www.encanto.biz\/blog\/wp-content\/uploads\/2024\/07\/image001.jpg\" \/>\n\t<meta property=\"og:image:width\" content=\"1020\" \/>\n\t<meta property=\"og:image:height\" content=\"942\" \/>\n<meta name=\"twitter:card\" content=\"summary_large_image\" \/>\n<meta name=\"twitter:label1\" content=\"Tempo di lettura stimato\">\n\t<meta name=\"twitter:data1\" content=\"3 minuti\">\n<script type=\"application\/ld+json\" class=\"yoast-schema-graph\">{\"@context\":\"https:\/\/schema.org\",\"@graph\":[{\"@type\":\"WebSite\",\"@id\":\"https:\/\/www.encanto.biz\/blog\/#website\",\"url\":\"https:\/\/www.encanto.biz\/blog\/\",\"name\":\"Encanto PR Blog\",\"description\":\"The business value of your good stories\",\"potentialAction\":[{\"@type\":\"SearchAction\",\"target\":\"https:\/\/www.encanto.biz\/blog\/?s={search_term_string}\",\"query-input\":\"required name=search_term_string\"}],\"inLanguage\":\"it-IT\"},{\"@type\":\"ImageObject\",\"@id\":\"https:\/\/www.encanto.biz\/blog\/giustizia-e-pubblico-di-roberto-gazzini-su-la-ragione\/#primaryimage\",\"inLanguage\":\"it-IT\",\"url\":\"https:\/\/www.encanto.biz\/blog\/wp-content\/uploads\/2024\/07\/image001.jpg\",\"contentUrl\":\"https:\/\/www.encanto.biz\/blog\/wp-content\/uploads\/2024\/07\/image001.jpg\",\"width\":1020,\"height\":942},{\"@type\":\"WebPage\",\"@id\":\"https:\/\/www.encanto.biz\/blog\/giustizia-e-pubblico-di-roberto-gazzini-su-la-ragione\/#webpage\",\"url\":\"https:\/\/www.encanto.biz\/blog\/giustizia-e-pubblico-di-roberto-gazzini-su-la-ragione\/\",\"name\":\"Giustizia e pubblico - Encanto PR Blog\",\"isPartOf\":{\"@id\":\"https:\/\/www.encanto.biz\/blog\/#website\"},\"primaryImageOfPage\":{\"@id\":\"https:\/\/www.encanto.biz\/blog\/giustizia-e-pubblico-di-roberto-gazzini-su-la-ragione\/#primaryimage\"},\"datePublished\":\"2024-07-25T13:37:02+00:00\",\"dateModified\":\"2024-07-25T13:37:03+00:00\",\"author\":{\"@id\":\"https:\/\/www.encanto.biz\/blog\/#\/schema\/person\/cda125db4047344d9c95b1075092385b\"},\"description\":\"Ho seguito per lavoro il processo riguardante i ragazzi americani Finnegan Elder e Natale Hjorth, accusati dell\\u2019omicidio del carabiniere\",\"breadcrumb\":{\"@id\":\"https:\/\/www.encanto.biz\/blog\/giustizia-e-pubblico-di-roberto-gazzini-su-la-ragione\/#breadcrumb\"},\"inLanguage\":\"it-IT\",\"potentialAction\":[{\"@type\":\"ReadAction\",\"target\":[\"https:\/\/www.encanto.biz\/blog\/giustizia-e-pubblico-di-roberto-gazzini-su-la-ragione\/\"]}]},{\"@type\":\"BreadcrumbList\",\"@id\":\"https:\/\/www.encanto.biz\/blog\/giustizia-e-pubblico-di-roberto-gazzini-su-la-ragione\/#breadcrumb\",\"itemListElement\":[{\"@type\":\"ListItem\",\"position\":1,\"item\":{\"@type\":\"WebPage\",\"@id\":\"https:\/\/www.encanto.biz\/blog\/\",\"url\":\"https:\/\/www.encanto.biz\/blog\/\",\"name\":\"Home\"}},{\"@type\":\"ListItem\",\"position\":2,\"item\":{\"@id\":\"https:\/\/www.encanto.biz\/blog\/giustizia-e-pubblico-di-roberto-gazzini-su-la-ragione\/#webpage\"}}]},{\"@type\":\"Person\",\"@id\":\"https:\/\/www.encanto.biz\/blog\/#\/schema\/person\/cda125db4047344d9c95b1075092385b\",\"name\":\"Encanto\",\"sameAs\":[\"http:\/\/www.encanto.biz\/blog\"]}]}<\/script>\n<!-- \/ Yoast SEO plugin. -->","_links":{"self":[{"href":"https:\/\/www.encanto.biz\/blog\/wp-json\/wp\/v2\/posts\/2103"}],"collection":[{"href":"https:\/\/www.encanto.biz\/blog\/wp-json\/wp\/v2\/posts"}],"about":[{"href":"https:\/\/www.encanto.biz\/blog\/wp-json\/wp\/v2\/types\/post"}],"author":[{"embeddable":true,"href":"https:\/\/www.encanto.biz\/blog\/wp-json\/wp\/v2\/users\/1"}],"replies":[{"embeddable":true,"href":"https:\/\/www.encanto.biz\/blog\/wp-json\/wp\/v2\/comments?post=2103"}],"version-history":[{"count":1,"href":"https:\/\/www.encanto.biz\/blog\/wp-json\/wp\/v2\/posts\/2103\/revisions"}],"predecessor-version":[{"id":2105,"href":"https:\/\/www.encanto.biz\/blog\/wp-json\/wp\/v2\/posts\/2103\/revisions\/2105"}],"wp:featuredmedia":[{"embeddable":true,"href":"https:\/\/www.encanto.biz\/blog\/wp-json\/wp\/v2\/media\/2104"}],"wp:attachment":[{"href":"https:\/\/www.encanto.biz\/blog\/wp-json\/wp\/v2\/media?parent=2103"}],"wp:term":[{"taxonomy":"category","embeddable":true,"href":"https:\/\/www.encanto.biz\/blog\/wp-json\/wp\/v2\/categories?post=2103"},{"taxonomy":"post_tag","embeddable":true,"href":"https:\/\/www.encanto.biz\/blog\/wp-json\/wp\/v2\/tags?post=2103"}],"curies":[{"name":"wp","href":"https:\/\/api.w.org\/{rel}","templated":true}]}}