{"id":2088,"date":"2024-07-08T17:30:14","date_gmt":"2024-07-08T16:30:14","guid":{"rendered":"https:\/\/www.encanto.biz\/blog\/?p=2088"},"modified":"2024-07-09T16:50:13","modified_gmt":"2024-07-09T15:50:13","slug":"giornalismo-tra-imparzialita-e-libera-espressione-la-parola-ai-direttori","status":"publish","type":"post","link":"https:\/\/www.encanto.biz\/blog\/giornalismo-tra-imparzialita-e-libera-espressione-la-parola-ai-direttori\/","title":{"rendered":"Giornalismo tra imparzialit\u00e0 e libera espressione, la parola ai direttori"},"content":{"rendered":"\n<p><\/p>\n\n\n\n<p>Cosa \u00e8 il giornalismo oggi? Imparzialit\u00e0? Piu\u2019 o meno di ieri? Libert\u00e0 di espressione? Presupposto fondante della democrazia? Con la brillante moderazione di Daniele Bellasio del <a href=\"https:\/\/www.ilsole24ore.com\/\">Sole 24 Ore<\/a> se ne \u00e8 parlato  ieri durante il <a href=\"https:\/\/www.leccofilmfest.it\/\">LeccoFilmFest<\/a>, alla sua quinta edizione, in un interessante dibattito tra i direttori Luciano Fontana del Corriere della sera, Agnese Pini di QN e Gianni Riotta anch\u2019egli direttore ma della <a href=\"https:\/\/giornalismo.luiss.it\/\">Scuola di Giornalismo della Luiss.<\/a> Complice la versione del film &#8220;Sbatti il mostro in prima pagina&#8221; nelle sale in questi giorni nella sua versione &#8220;rinnovata&#8221;.<\/p>\n\n\n\n<p>\u201cCerto i giornalisti non possono essere totalmente imparziali \u2013 ha spiegato Fontana &#8211; &nbsp;ma l\u2019interpretazione di cio\u2019 che accade deve arrivare fino a un certo punto. &nbsp;I fatti devono essere raccontati con un\u2019aderenza alla realt\u00e0, cercando di essere vicini a ci\u00f2 che \u00e8 davvero successo. Non amo i giornali che rispecchiano s\u00e9 stessi, le proprie convinzioni, i pregiudizi. &nbsp;Il nostro compito \u00e8 aprire gli orizzonti, non chiudere i lettori in una bolla. I lettori sono anche il cuore della nostra sostenibilit\u00e0 economica, e questo passa attraverso un buon servizio alla comunit\u00e0, attraverso il nostro lavoro che se fatto bene, puo\u2019 ancora fare la differenza. Del resto le decisioni si prendono in base a quanto si \u00e8 informati\u201d.<\/p>\n\n\n\n<p>&nbsp;\u201cNemmeno Chat GPT pu\u00f2 essere imparziale, perch\u00e9 siamo noi a fornirle il punto di partenza \u2013 ha poi aggiunto Agnese Pini, direttrice di <a href=\"https:\/\/www.quotidiano.net\/\">QN &#8211; Il Resto del Carlino \u2013 La Nazione &#8211; Il Giorno <\/a>&#8211; &nbsp;L\u2019opinione \u00e8 pero\u2019 un genere nobilissimo. Ma per esprimerla bisogna essere molto informati. Il rischio \u00e8 confondere opinione con opinionismo. &nbsp;&nbsp;Per fare opinione servono molti soldi, per fare i giornali servono soldi. L\u2019opinionismo invece \u00e8 gratis. Dobbiamo fare attenzione. Ed essere capaci di discernere, distinguere. Capire cosa \u00e8 informazione e cosa non lo \u00e8. &nbsp;Per esempio guardare i talk in tv non significa essere informati, ma ascoltare le idee degli altri. Oggi noi giornalisti siamo piu\u2019 &nbsp;deboli, rispetto un tempo, perch\u00e9 \u00e8 diminuito il potere contrattuale. Eravamo pi\u00f9 forti davanti alle pressioni che si ricevevano da chi ci guida. Pensiamo a Montanelli: a 85 anni si \u00e8 dimesso dal suo giornale, perch\u00e9 il suo editore era sceso in politica. E un anno dopo ha fondato un\u2019altra testata. Le ingerenze si fanno sentire, e fare bene il nostro mestiere significa anche lottare per contrastarle\u201d.<\/p>\n\n\n\n<p>Conclude Gianni Riotta, giornalista e direttore della Scuola di giornalismo della LUISS: \u201cGiornalisti straordinari non hanno mai creduto all\u2019obiettivit\u00e0, ma in qualcosa di molto partigiano. C\u2019\u00e8 stata questa tradizione, legata al passato. La crisi del giornalismo professionale non \u00e8 tecnologica. Negli Stati Uniti \u00e8 iniziata nel \u201972, in Europa nel 1985. Le societ\u00e0 si sono fratte, \u00e8 diventato sempre pi\u00f9 difficile rappresentarle. Questo pone un problema importante per la democrazia. Dirigo lo sforzo europeo contro la disinformazione in Italia, che ormai \u00e8 ovunque. Ha raggiunto i media mainstream. \u00c8 un pericolo, rappresentato anche dal tentativo di blindare l\u2019informazione nel nostro paese\u201d.<\/p>\n","protected":false},"excerpt":{"rendered":"<p>Cosa \u00e8 il giornalismo oggi? Imparzialit\u00e0? Piu\u2019 o meno di ieri? Libert\u00e0 di espressione? Presupposto<\/p>\n","protected":false},"author":1,"featured_media":2090,"comment_status":"closed","ping_status":"open","sticky":false,"template":"","format":"standard","meta":[],"categories":[1],"tags":[],"yoast_head":"<!-- This site is optimized with the Yoast SEO plugin v16.2 - https:\/\/yoast.com\/wordpress\/plugins\/seo\/ -->\n<title>Giornalismo tra imparzialit\u00e0 e libera espressione, la parola ai direttori - Encanto PR Blog<\/title>\n<meta name=\"description\" content=\"Cosa \u00e8 il giornalismo oggi? Imparzialit\u00e0? Piu\u2019 o meno di ieri? Libert\u00e0 di espressione? Presupposto fondante della democrazia? Con la brillante moderazione di Daniele Bellasio del Sole 24 Ore se ne \u00e8 parlato i ieri durante il LeccoFilmFest, alla sua quinta edizione, in un interessante dibattito tra i direttori Luciano Fontana del Corriere della sera, Agnese Pini di QN e Gianni Riotta anch\u2019egli direttore ma della Scuola di Giornalismo della Luiss.\" \/>\n<meta name=\"robots\" content=\"index, follow, max-snippet:-1, max-image-preview:large, max-video-preview:-1\" \/>\n<link rel=\"canonical\" href=\"https:\/\/www.encanto.biz\/blog\/giornalismo-tra-imparzialita-e-libera-espressione-la-parola-ai-direttori\/\" \/>\n<meta property=\"og:locale\" content=\"it_IT\" \/>\n<meta property=\"og:type\" content=\"article\" \/>\n<meta property=\"og:title\" content=\"Giornalismo tra imparzialit\u00e0 e libera espressione, la parola ai direttori - Encanto PR Blog\" \/>\n<meta property=\"og:description\" content=\"Cosa \u00e8 il giornalismo oggi? Imparzialit\u00e0? Piu\u2019 o meno di ieri? Libert\u00e0 di espressione? Presupposto fondante della democrazia? Con la brillante moderazione di Daniele Bellasio del Sole 24 Ore se ne \u00e8 parlato i ieri durante il LeccoFilmFest, alla sua quinta edizione, in un interessante dibattito tra i direttori Luciano Fontana del Corriere della sera, Agnese Pini di QN e Gianni Riotta anch\u2019egli direttore ma della Scuola di Giornalismo della Luiss.\" \/>\n<meta property=\"og:url\" content=\"https:\/\/www.encanto.biz\/blog\/giornalismo-tra-imparzialita-e-libera-espressione-la-parola-ai-direttori\/\" \/>\n<meta property=\"og:site_name\" content=\"Encanto PR Blog\" \/>\n<meta property=\"article:published_time\" content=\"2024-07-08T16:30:14+00:00\" \/>\n<meta property=\"article:modified_time\" content=\"2024-07-09T15:50:13+00:00\" \/>\n<meta property=\"og:image\" content=\"https:\/\/www.encanto.biz\/blog\/wp-content\/uploads\/2024\/07\/leccofilmfest2.jpg\" \/>\n\t<meta property=\"og:image:width\" content=\"2025\" \/>\n\t<meta property=\"og:image:height\" content=\"1350\" \/>\n<meta name=\"twitter:card\" content=\"summary_large_image\" \/>\n<meta name=\"twitter:label1\" content=\"Tempo di lettura stimato\">\n\t<meta name=\"twitter:data1\" content=\"3 minuti\">\n<script type=\"application\/ld+json\" class=\"yoast-schema-graph\">{\"@context\":\"https:\/\/schema.org\",\"@graph\":[{\"@type\":\"WebSite\",\"@id\":\"https:\/\/www.encanto.biz\/blog\/#website\",\"url\":\"https:\/\/www.encanto.biz\/blog\/\",\"name\":\"Encanto PR Blog\",\"description\":\"The business value of your good stories\",\"potentialAction\":[{\"@type\":\"SearchAction\",\"target\":\"https:\/\/www.encanto.biz\/blog\/?s={search_term_string}\",\"query-input\":\"required name=search_term_string\"}],\"inLanguage\":\"it-IT\"},{\"@type\":\"ImageObject\",\"@id\":\"https:\/\/www.encanto.biz\/blog\/giornalismo-tra-imparzialita-e-libera-espressione-la-parola-ai-direttori\/#primaryimage\",\"inLanguage\":\"it-IT\",\"url\":\"https:\/\/www.encanto.biz\/blog\/wp-content\/uploads\/2024\/07\/leccofilmfest2.jpg\",\"contentUrl\":\"https:\/\/www.encanto.biz\/blog\/wp-content\/uploads\/2024\/07\/leccofilmfest2.jpg\",\"width\":2025,\"height\":1350},{\"@type\":\"WebPage\",\"@id\":\"https:\/\/www.encanto.biz\/blog\/giornalismo-tra-imparzialita-e-libera-espressione-la-parola-ai-direttori\/#webpage\",\"url\":\"https:\/\/www.encanto.biz\/blog\/giornalismo-tra-imparzialita-e-libera-espressione-la-parola-ai-direttori\/\",\"name\":\"Giornalismo tra imparzialit\\u00e0 e libera espressione, la parola ai direttori - Encanto PR Blog\",\"isPartOf\":{\"@id\":\"https:\/\/www.encanto.biz\/blog\/#website\"},\"primaryImageOfPage\":{\"@id\":\"https:\/\/www.encanto.biz\/blog\/giornalismo-tra-imparzialita-e-libera-espressione-la-parola-ai-direttori\/#primaryimage\"},\"datePublished\":\"2024-07-08T16:30:14+00:00\",\"dateModified\":\"2024-07-09T15:50:13+00:00\",\"author\":{\"@id\":\"https:\/\/www.encanto.biz\/blog\/#\/schema\/person\/cda125db4047344d9c95b1075092385b\"},\"description\":\"Cosa \\u00e8 il giornalismo oggi? Imparzialit\\u00e0? Piu\\u2019 o meno di ieri? Libert\\u00e0 di espressione? Presupposto fondante della democrazia? Con la brillante moderazione di Daniele Bellasio del Sole 24 Ore se ne \\u00e8 parlato i ieri durante il LeccoFilmFest, alla sua quinta edizione, in un interessante dibattito tra i direttori Luciano Fontana del Corriere della sera, Agnese Pini di QN e Gianni Riotta anch\\u2019egli direttore ma della Scuola di Giornalismo della Luiss.\",\"breadcrumb\":{\"@id\":\"https:\/\/www.encanto.biz\/blog\/giornalismo-tra-imparzialita-e-libera-espressione-la-parola-ai-direttori\/#breadcrumb\"},\"inLanguage\":\"it-IT\",\"potentialAction\":[{\"@type\":\"ReadAction\",\"target\":[\"https:\/\/www.encanto.biz\/blog\/giornalismo-tra-imparzialita-e-libera-espressione-la-parola-ai-direttori\/\"]}]},{\"@type\":\"BreadcrumbList\",\"@id\":\"https:\/\/www.encanto.biz\/blog\/giornalismo-tra-imparzialita-e-libera-espressione-la-parola-ai-direttori\/#breadcrumb\",\"itemListElement\":[{\"@type\":\"ListItem\",\"position\":1,\"item\":{\"@type\":\"WebPage\",\"@id\":\"https:\/\/www.encanto.biz\/blog\/\",\"url\":\"https:\/\/www.encanto.biz\/blog\/\",\"name\":\"Home\"}},{\"@type\":\"ListItem\",\"position\":2,\"item\":{\"@id\":\"https:\/\/www.encanto.biz\/blog\/giornalismo-tra-imparzialita-e-libera-espressione-la-parola-ai-direttori\/#webpage\"}}]},{\"@type\":\"Person\",\"@id\":\"https:\/\/www.encanto.biz\/blog\/#\/schema\/person\/cda125db4047344d9c95b1075092385b\",\"name\":\"Encanto\",\"sameAs\":[\"http:\/\/www.encanto.biz\/blog\"]}]}<\/script>\n<!-- \/ Yoast SEO plugin. -->","_links":{"self":[{"href":"https:\/\/www.encanto.biz\/blog\/wp-json\/wp\/v2\/posts\/2088"}],"collection":[{"href":"https:\/\/www.encanto.biz\/blog\/wp-json\/wp\/v2\/posts"}],"about":[{"href":"https:\/\/www.encanto.biz\/blog\/wp-json\/wp\/v2\/types\/post"}],"author":[{"embeddable":true,"href":"https:\/\/www.encanto.biz\/blog\/wp-json\/wp\/v2\/users\/1"}],"replies":[{"embeddable":true,"href":"https:\/\/www.encanto.biz\/blog\/wp-json\/wp\/v2\/comments?post=2088"}],"version-history":[{"count":2,"href":"https:\/\/www.encanto.biz\/blog\/wp-json\/wp\/v2\/posts\/2088\/revisions"}],"predecessor-version":[{"id":2093,"href":"https:\/\/www.encanto.biz\/blog\/wp-json\/wp\/v2\/posts\/2088\/revisions\/2093"}],"wp:featuredmedia":[{"embeddable":true,"href":"https:\/\/www.encanto.biz\/blog\/wp-json\/wp\/v2\/media\/2090"}],"wp:attachment":[{"href":"https:\/\/www.encanto.biz\/blog\/wp-json\/wp\/v2\/media?parent=2088"}],"wp:term":[{"taxonomy":"category","embeddable":true,"href":"https:\/\/www.encanto.biz\/blog\/wp-json\/wp\/v2\/categories?post=2088"},{"taxonomy":"post_tag","embeddable":true,"href":"https:\/\/www.encanto.biz\/blog\/wp-json\/wp\/v2\/tags?post=2088"}],"curies":[{"name":"wp","href":"https:\/\/api.w.org\/{rel}","templated":true}]}}