{"id":1955,"date":"2023-11-03T15:44:30","date_gmt":"2023-11-03T14:44:30","guid":{"rendered":"https:\/\/www.encanto.biz\/blog\/?p=1955"},"modified":"2023-11-08T17:45:14","modified_gmt":"2023-11-08T16:45:14","slug":"la-festa-di-natale-aziendale-allinsegna-di-bergamo-e-brescia-capitale-della-cultura","status":"publish","type":"post","link":"https:\/\/www.encanto.biz\/blog\/la-festa-di-natale-aziendale-allinsegna-di-bergamo-e-brescia-capitale-della-cultura\/","title":{"rendered":"La festa di Natale aziendale all&#8217;insegna di Bergamo e Brescia Capitale della Cultura"},"content":{"rendered":"\n<h3><strong>In un<\/strong>&nbsp;nuovo spetta<strong>colo<\/strong>&nbsp;l\u2019incredibile vita dell\u2019<strong>esploratore bergamasco<\/strong>&nbsp;che ispir\u00f2 l\u2019<strong>Ultimo dei Mohicani<\/strong><\/h3>\n\n\n\n<h4>Una serata che ispira a diventare &#8220;esploratori&#8221; di un mondo nuovo&nbsp;filo conduttore le avventure di&nbsp;<strong>Giacomo Costantino Beltrami<\/strong>. Tra immagini, musica e racconti suggestivi&nbsp;pi\u00f9 che mai attuali&nbsp;per aprire la mente e comprendere i cambiamenti in corso&nbsp;<\/h4>\n\n\n\n<p class=\"has-text-align-right\">Con&nbsp;<strong>Roberto Bonzio&nbsp;<\/strong>e il&nbsp;<strong>Quartetto d\u2019archi Orchestra Vivaldi<\/strong><\/p>\n\n\n\n<p><strong><em>Beltrami<\/em><\/strong><em>&nbsp;\u00e8 tra i personaggi raccontati nel nuovo storytelling di&nbsp;<strong>Roberto Bonzio,&nbsp;<\/strong>autore del progetto&nbsp;<a href=\"https:\/\/customer1403.musvc6.net\/e\/tr?q=8%3dOZEX%260%3dWE%26I%3dPWEX%26C%3dWEYOf%26z%3dCHPuN_FwXu_Qg_wvqv_7k_FwXu_PlnOyHn6BEiD4NtIHEjMy.9tH_FwXu_Pl%26i%3dHIO18T.JjO%267O%3d9WSb%26yN%3dPf76y7fXOf8VOX6WOZ%26m%3dc4d0WzYh0Q8ic3agXWbA9y98ZPaiARc6Y3bf629fcPZEAXAfV3AiazY6XQ89dP8f&amp;mupckp=mupAtu4m8OiX0wt\" target=\"_blank\" rel=\"noreferrer noopener\">Italiani di Frontiera<\/a>&nbsp;e&nbsp;<strong>TEDx speaker<\/strong>, che da anni con spettacoli di forte impatto emotivo in tutt&#8217;Italia e all&#8217;estero, fra storie, immagini e musica indaga sul talento italiano nel mondo fra personaggi di ieri e di oggi, d&#8217;ispirazione per chi deve immaginare il domani.&nbsp;<\/em><\/p>\n\n\n\n<p><em>Nell\u2019anno di&nbsp;<strong>Bergamo e Brescia Capitale della Cultura<\/strong>, un evento fortemente motivazionale, seguendo le storie di&nbsp;&nbsp;<strong>Giacomo Costantino Beltrami<\/strong>&nbsp; e di altri italiani protagonisti sulla frontiera del West, che si caricano di valori e significati oggi pi\u00f9 importanti che mai: sfida ai confini della conoscenza, confronto pacifico tra culture diverse, capacit\u00e0 di comprendere un mondo nuovo grazie a profondit\u00e0 di sensibilit\u00e0 e conoscenze.<\/em><\/p>\n\n\n\n<div class=\"wp-block-image\"><figure class=\"aligncenter size-large is-resized\"><img loading=\"lazy\" src=\"https:\/\/www.encanto.biz\/blog\/wp-content\/uploads\/2023\/11\/img--704x1024.jpg\" alt=\"\" class=\"wp-image-1957\" width=\"352\" height=\"512\" srcset=\"https:\/\/www.encanto.biz\/blog\/wp-content\/uploads\/2023\/11\/img--704x1024.jpg 704w, https:\/\/www.encanto.biz\/blog\/wp-content\/uploads\/2023\/11\/img--206x300.jpg 206w, https:\/\/www.encanto.biz\/blog\/wp-content\/uploads\/2023\/11\/img--768x1117.jpg 768w, https:\/\/www.encanto.biz\/blog\/wp-content\/uploads\/2023\/11\/img-.jpg 945w\" sizes=\"(max-width: 352px) 100vw, 352px\" \/><\/figure><\/div>\n\n\n\n<p><strong>Come funziona<\/strong><\/p>\n\n\n\n<p>Lo spettacolo fornito chiavi in mano dalla nostra agenzia pu\u00f2 essere&nbsp;prenotato alla mail&nbsp;<strong><a target=\"_blank\" rel=\"noreferrer noopener\">info@encantopr.it<\/a><\/strong>&nbsp;e si potr\u00e0 svolgere direttamente in azienda oppure in una location esterna.<\/p>\n\n\n\n<p>Ideale integrazione allo spettacolo, una visita al Museo Enrico Caffi di Bergamo al nuovo percorso espositivo dedicato alla figura affascinante, poliedrica e avvincente, ma incredibilmente ancora poco conosciuta, di Giacomo Costantino Beltrami.<\/p>\n\n\n\n<figure class=\"wp-block-image size-large\"><img loading=\"lazy\" width=\"1024\" height=\"121\" src=\"https:\/\/www.encanto.biz\/blog\/wp-content\/uploads\/2023\/11\/Italiani-di-frontiera0-1024x121.jpg\" alt=\"\" class=\"wp-image-1958\" srcset=\"https:\/\/www.encanto.biz\/blog\/wp-content\/uploads\/2023\/11\/Italiani-di-frontiera0-1024x121.jpg 1024w, https:\/\/www.encanto.biz\/blog\/wp-content\/uploads\/2023\/11\/Italiani-di-frontiera0-300x35.jpg 300w, https:\/\/www.encanto.biz\/blog\/wp-content\/uploads\/2023\/11\/Italiani-di-frontiera0-768x91.jpg 768w, https:\/\/www.encanto.biz\/blog\/wp-content\/uploads\/2023\/11\/Italiani-di-frontiera0-1536x182.jpg 1536w, https:\/\/www.encanto.biz\/blog\/wp-content\/uploads\/2023\/11\/Italiani-di-frontiera0.jpg 1920w\" sizes=\"(max-width: 1024px) 100vw, 1024px\" \/><\/figure>\n","protected":false},"excerpt":{"rendered":"<p>In un&nbsp;nuovo spettacolo&nbsp;l\u2019incredibile vita dell\u2019esploratore bergamasco&nbsp;che ispir\u00f2 l\u2019Ultimo dei Mohicani Una serata che ispira a<\/p>\n","protected":false},"author":1,"featured_media":1956,"comment_status":"closed","ping_status":"open","sticky":false,"template":"","format":"standard","meta":[],"categories":[1],"tags":[3037],"yoast_head":"<!-- This site is optimized with the Yoast SEO plugin v16.2 - https:\/\/yoast.com\/wordpress\/plugins\/seo\/ -->\n<title>La festa di Natale aziendale all&#039;insegna di Bergamo e Brescia Capitale della Cultura - Encanto PR Blog<\/title>\n<meta name=\"description\" content=\"Una serata che ispira a diventare &quot;esploratori&quot; di un mondo nuovo filo conduttore le avventure di Giacomo Costantino BeltramiTra immagini, musica e racconti suggestivi pi\u00f9 che mai attuali per aprire la mente e comprendere i cambiamenti in corso\" \/>\n<meta name=\"robots\" content=\"index, follow, max-snippet:-1, max-image-preview:large, max-video-preview:-1\" \/>\n<link rel=\"canonical\" href=\"https:\/\/www.encanto.biz\/blog\/la-festa-di-natale-aziendale-allinsegna-di-bergamo-e-brescia-capitale-della-cultura\/\" \/>\n<meta property=\"og:locale\" content=\"it_IT\" \/>\n<meta property=\"og:type\" content=\"article\" \/>\n<meta property=\"og:title\" content=\"La festa di Natale aziendale all&#039;insegna di Bergamo e Brescia Capitale della Cultura - Encanto PR Blog\" \/>\n<meta property=\"og:description\" content=\"Una serata che ispira a diventare &quot;esploratori&quot; di un mondo nuovo filo conduttore le avventure di Giacomo Costantino BeltramiTra immagini, musica e racconti suggestivi pi\u00f9 che mai attuali per aprire la mente e comprendere i cambiamenti in corso\" \/>\n<meta property=\"og:url\" content=\"https:\/\/www.encanto.biz\/blog\/la-festa-di-natale-aziendale-allinsegna-di-bergamo-e-brescia-capitale-della-cultura\/\" \/>\n<meta property=\"og:site_name\" content=\"Encanto PR Blog\" \/>\n<meta property=\"article:published_time\" content=\"2023-11-03T14:44:30+00:00\" \/>\n<meta property=\"article:modified_time\" content=\"2023-11-08T16:45:14+00:00\" \/>\n<meta property=\"og:image\" content=\"https:\/\/www.encanto.biz\/blog\/wp-content\/uploads\/2023\/11\/cover-3a-copia.jpg\" \/>\n\t<meta property=\"og:image:width\" content=\"2169\" \/>\n\t<meta property=\"og:image:height\" content=\"1493\" \/>\n<meta name=\"twitter:card\" content=\"summary_large_image\" \/>\n<meta name=\"twitter:label1\" content=\"Tempo di lettura stimato\">\n\t<meta name=\"twitter:data1\" content=\"2 minuti\">\n<script type=\"application\/ld+json\" class=\"yoast-schema-graph\">{\"@context\":\"https:\/\/schema.org\",\"@graph\":[{\"@type\":\"WebSite\",\"@id\":\"https:\/\/www.encanto.biz\/blog\/#website\",\"url\":\"https:\/\/www.encanto.biz\/blog\/\",\"name\":\"Encanto PR Blog\",\"description\":\"The business value of your good stories\",\"potentialAction\":[{\"@type\":\"SearchAction\",\"target\":\"https:\/\/www.encanto.biz\/blog\/?s={search_term_string}\",\"query-input\":\"required name=search_term_string\"}],\"inLanguage\":\"it-IT\"},{\"@type\":\"ImageObject\",\"@id\":\"https:\/\/www.encanto.biz\/blog\/la-festa-di-natale-aziendale-allinsegna-di-bergamo-e-brescia-capitale-della-cultura\/#primaryimage\",\"inLanguage\":\"it-IT\",\"url\":\"https:\/\/www.encanto.biz\/blog\/wp-content\/uploads\/2023\/11\/cover-3a-copia.jpg\",\"contentUrl\":\"https:\/\/www.encanto.biz\/blog\/wp-content\/uploads\/2023\/11\/cover-3a-copia.jpg\",\"width\":2169,\"height\":1493},{\"@type\":\"WebPage\",\"@id\":\"https:\/\/www.encanto.biz\/blog\/la-festa-di-natale-aziendale-allinsegna-di-bergamo-e-brescia-capitale-della-cultura\/#webpage\",\"url\":\"https:\/\/www.encanto.biz\/blog\/la-festa-di-natale-aziendale-allinsegna-di-bergamo-e-brescia-capitale-della-cultura\/\",\"name\":\"La festa di Natale aziendale all'insegna di Bergamo e Brescia Capitale della Cultura - Encanto PR Blog\",\"isPartOf\":{\"@id\":\"https:\/\/www.encanto.biz\/blog\/#website\"},\"primaryImageOfPage\":{\"@id\":\"https:\/\/www.encanto.biz\/blog\/la-festa-di-natale-aziendale-allinsegna-di-bergamo-e-brescia-capitale-della-cultura\/#primaryimage\"},\"datePublished\":\"2023-11-03T14:44:30+00:00\",\"dateModified\":\"2023-11-08T16:45:14+00:00\",\"author\":{\"@id\":\"https:\/\/www.encanto.biz\/blog\/#\/schema\/person\/cda125db4047344d9c95b1075092385b\"},\"description\":\"Una serata che ispira a diventare \\\"esploratori\\\" di un mondo nuovo filo conduttore le avventure di Giacomo Costantino BeltramiTra immagini, musica e racconti suggestivi pi\\u00f9 che mai attuali per aprire la mente e comprendere i cambiamenti in corso\",\"breadcrumb\":{\"@id\":\"https:\/\/www.encanto.biz\/blog\/la-festa-di-natale-aziendale-allinsegna-di-bergamo-e-brescia-capitale-della-cultura\/#breadcrumb\"},\"inLanguage\":\"it-IT\",\"potentialAction\":[{\"@type\":\"ReadAction\",\"target\":[\"https:\/\/www.encanto.biz\/blog\/la-festa-di-natale-aziendale-allinsegna-di-bergamo-e-brescia-capitale-della-cultura\/\"]}]},{\"@type\":\"BreadcrumbList\",\"@id\":\"https:\/\/www.encanto.biz\/blog\/la-festa-di-natale-aziendale-allinsegna-di-bergamo-e-brescia-capitale-della-cultura\/#breadcrumb\",\"itemListElement\":[{\"@type\":\"ListItem\",\"position\":1,\"item\":{\"@type\":\"WebPage\",\"@id\":\"https:\/\/www.encanto.biz\/blog\/\",\"url\":\"https:\/\/www.encanto.biz\/blog\/\",\"name\":\"Home\"}},{\"@type\":\"ListItem\",\"position\":2,\"item\":{\"@id\":\"https:\/\/www.encanto.biz\/blog\/la-festa-di-natale-aziendale-allinsegna-di-bergamo-e-brescia-capitale-della-cultura\/#webpage\"}}]},{\"@type\":\"Person\",\"@id\":\"https:\/\/www.encanto.biz\/blog\/#\/schema\/person\/cda125db4047344d9c95b1075092385b\",\"name\":\"Encanto\",\"sameAs\":[\"http:\/\/www.encanto.biz\/blog\"]}]}<\/script>\n<!-- \/ Yoast SEO plugin. -->","_links":{"self":[{"href":"https:\/\/www.encanto.biz\/blog\/wp-json\/wp\/v2\/posts\/1955"}],"collection":[{"href":"https:\/\/www.encanto.biz\/blog\/wp-json\/wp\/v2\/posts"}],"about":[{"href":"https:\/\/www.encanto.biz\/blog\/wp-json\/wp\/v2\/types\/post"}],"author":[{"embeddable":true,"href":"https:\/\/www.encanto.biz\/blog\/wp-json\/wp\/v2\/users\/1"}],"replies":[{"embeddable":true,"href":"https:\/\/www.encanto.biz\/blog\/wp-json\/wp\/v2\/comments?post=1955"}],"version-history":[{"count":2,"href":"https:\/\/www.encanto.biz\/blog\/wp-json\/wp\/v2\/posts\/1955\/revisions"}],"predecessor-version":[{"id":1960,"href":"https:\/\/www.encanto.biz\/blog\/wp-json\/wp\/v2\/posts\/1955\/revisions\/1960"}],"wp:featuredmedia":[{"embeddable":true,"href":"https:\/\/www.encanto.biz\/blog\/wp-json\/wp\/v2\/media\/1956"}],"wp:attachment":[{"href":"https:\/\/www.encanto.biz\/blog\/wp-json\/wp\/v2\/media?parent=1955"}],"wp:term":[{"taxonomy":"category","embeddable":true,"href":"https:\/\/www.encanto.biz\/blog\/wp-json\/wp\/v2\/categories?post=1955"},{"taxonomy":"post_tag","embeddable":true,"href":"https:\/\/www.encanto.biz\/blog\/wp-json\/wp\/v2\/tags?post=1955"}],"curies":[{"name":"wp","href":"https:\/\/api.w.org\/{rel}","templated":true}]}}