{"id":1584,"date":"2022-08-29T16:35:18","date_gmt":"2022-08-29T15:35:18","guid":{"rendered":"http:\/\/www.encanto.biz\/blog\/?p=1584"},"modified":"2022-08-31T10:32:29","modified_gmt":"2022-08-31T09:32:29","slug":"la-milano-design-week-tutta-public-relations","status":"publish","type":"post","link":"https:\/\/www.encanto.biz\/blog\/la-milano-design-week-tutta-public-relations\/","title":{"rendered":"La Milano Design Week, tutta Public Relations"},"content":{"rendered":"\n<h3><strong>Lo straordinario evento Moooi e LG del Fuorisalone 2022, visto da noi<\/strong><\/h3>\n\n\n\n<p>Anche se partecipare al Salone del Mobile e al Fuorisalone \u00e8 un\u2019abitudine per molti di noi, va detto che ogni evento \u00e8 sempre un caso a se\u2019, una sorpresa&nbsp;&nbsp;e si parte sempre da zero per tessere un canovaccio di efficaci relazioni pubbliche. Le installazioni creative dei designer e delle aziende che ci partecipano richiedono sempre un progetto strategico dedicato con un approccio simile a quello che si ha quando si visita per la prima volta una citt\u00e0 e si apre una cartina per capire tutto quello che c\u2019\u00e8 da vedere.&nbsp;<\/p>\n\n\n\n<p>E l\u2019evento <a href=\"http:\/\/www.eventi.today\/lg-milan-design-week-2022-it\">A Life Extraordinary Moooi LG<\/a> non ha fatto eccezione. Ne abbiamo curato le PR dalla copertura mediatica a Vip e influencer, alla creazione di&nbsp;&nbsp;strumenti multimediali e alla gestione pratica della settimana. Lo abbiamo fatto per conto della societ\u00e0 coreana Milan Noroo Design Studio incaricata da LG per tutta l\u2019organizzazione che la riguardava.&nbsp;&nbsp;LG presentava dei nuovi LCD OLED unici come un gigantesco tunnel multimediale che anticipava la magica scenografia dell\u2019evento Moooi come solo Marcel Wande sa creare.&nbsp;<\/p>\n\n\n\n<figure class=\"wp-block-embed is-type-video is-provider-youtube wp-block-embed-youtube wp-embed-aspect-16-9 wp-has-aspect-ratio\"><div class=\"wp-block-embed__wrapper\">\n<iframe loading=\"lazy\" title=\"LG OLED   Milan Design Week 2022\" width=\"640\" height=\"360\" src=\"https:\/\/www.youtube.com\/embed\/FDpo-Z_6wT4?feature=oembed\" frameborder=\"0\" allow=\"accelerometer; autoplay; clipboard-write; encrypted-media; gyroscope; picture-in-picture\" allowfullscreen><\/iframe>\n<\/div><\/figure>\n\n\n\n<p>La gestione della comunicazione di pi\u00f9 aziende che partecipano a uno stesso evento non \u00e8 mai semplice n\u00e9 lineare, al contrario fa dei \u201cgiri immensi\u201d,&nbsp;&nbsp;\u00e8 sempre carica di ansia e aspettative e a noi spetta il compito di segnare delle mappe strategiche chiare&nbsp;&nbsp;che oltre produrre effetti rassicuranti diano anche buoni risultati.&nbsp;<\/p>\n\n\n\n<p>L\u2019agenzia esterna pur supportando tanti uffici di comunicazione con professionisti DOC non ha mai il solo ruolo di affiancamento, ma proprio perch\u00e9 meno coinvolta ha il prezioso compito di guidare stando dietro le quinte, concertando prese di posizioni, necessit\u00e0 e tantissime urgenze.&nbsp;<\/p>\n\n\n\n<p>LG per esempio durante la Milano Design Week 2022 aveva altri 5 eventi in contemporanea, alcuni con incontri stampa nello stesso giorno. Moooi aveva invece lanciato da tempo il pezzo forte della mostra di cui molti media avevano parlato, la poltrona Hortensie di&nbsp;Andr\u00e9s Reisinger&nbsp;e J\u00falia Esqu\u00e9&nbsp;nata prima come NFT ecc. sui cui per\u00f2 finalmente al nostro evento, ci si poteva sedere.&nbsp;<\/p>\n\n\n\n<div class=\"wp-block-columns\">\n<div class=\"wp-block-column\" style=\"flex-basis:100%\">\n<figure class=\"wp-block-image size-large\"><img loading=\"lazy\" width=\"1024\" height=\"483\" src=\"https:\/\/www.encanto.biz\/blog\/wp-content\/uploads\/2022\/08\/2-ph-1024x483.jpg\" alt=\"\" class=\"wp-image-1594\" srcset=\"https:\/\/www.encanto.biz\/blog\/wp-content\/uploads\/2022\/08\/2-ph-1024x483.jpg 1024w, https:\/\/www.encanto.biz\/blog\/wp-content\/uploads\/2022\/08\/2-ph-300x141.jpg 300w, https:\/\/www.encanto.biz\/blog\/wp-content\/uploads\/2022\/08\/2-ph-768x362.jpg 768w, https:\/\/www.encanto.biz\/blog\/wp-content\/uploads\/2022\/08\/2-ph-1536x724.jpg 1536w, https:\/\/www.encanto.biz\/blog\/wp-content\/uploads\/2022\/08\/2-ph-2048x965.jpg 2048w\" sizes=\"(max-width: 1024px) 100vw, 1024px\" \/><\/figure>\n<\/div>\n<\/div>\n\n\n\n<p>Inoltre inutile dirlo, perch\u00e9 capita sempre piu\u2019 spesso, eravamo fuori dai tempi&nbsp;&nbsp;massimi per partecipare alla&nbsp;&nbsp;settimana dei Design.<\/p>\n\n\n\n<p>A questi ostacoli si aggiungeva anche il fatto che la location scelta, tra l\u2019altro molto azzeccata e di grandissimo effetto, il Salone dei Tessuti di via San Gregorio, era per\u00f2 fuori dai circuiti del Fuorisalone, come alcuni giornalisti non hanno mancato di farci notare.&nbsp;<\/p>\n\n\n\n<p>In pi\u00f9, per quanto ci riguarda noi,&nbsp;&nbsp;lavorando con le istituzioni governative della Corea del Sud da diversi anni, tutto quanto coinvolge un interlocutore coreano, ha sempre la massima attenzione.<\/p>\n\n\n\n<p>Come tutto questo si \u00e8 trasformato in un enorme successo \u00e8 dovuto al fatto che all\u2019unione di tante professionalit\u00e0 e competenze coinvolte, i marchi LG OLED e MOOOI hanno messo in capo il meglio che si poteva desiderare da un evento al Fuorisalone. Ogni volta che si entrava Al Salone dei Tessuti era un\u2019ondata di bellezza, tecnologia e ispirazione.&nbsp;<\/p>\n\n\n\n<p><strong>Location, <a href=\"https:\/\/adxc.emailsp.com\/f\/rnl.aspx\/?fgl=pwtwyx.cfe=y5.d0=wxor57-4c&amp;x=pv&amp;=-4lg9b02-cf7c:&amp;x=pp&amp;zy5b:3&amp;x=pv&amp;hicc3cgx:-f=px\/qNCLM\">invito<\/a>,&nbsp;&nbsp;comunicato e foto. Ai 4 blocchi di partenza&nbsp;<\/strong><\/p>\n\n\n\n<p>Se la posizione un po\u2019 decentrata&nbsp;&nbsp;per la location si \u00e8 poi rivelata un non problema, l\u2019invito tecnologico&nbsp;&nbsp;che richiedeva la registrazione on line&nbsp;&nbsp;se va bene per il pubblico, non \u00e8 andato sempre bene per giornalisti e vip. Alla versione hitech bisogna sempre unire&nbsp;&nbsp;il modus operandi all\u2019antica e curare gli ospiti uno a uno.&nbsp;<\/p>\n\n\n\n<p>Il comunicato era questo. E la foto su cui abbiamo puntato la seguente.&nbsp;<\/p>\n\n\n\n<h3><strong>Durante la Milano Design Week 2022, Moooi presenta A Life Extraordinary, immaginata da LG OLED<\/strong><\/h3>\n\n\n\n<figure class=\"wp-block-image size-large\"><img src=\"https:\/\/www.encanto.biz\/blog\/wp-content\/uploads\/2022\/08\/DSC_2559.jpg\" alt=\"\" class=\"wp-image-1591\"\/><\/figure>\n\n\n\n<p>Durante la Milano Design Week 2022, Moooi&nbsp;presenta A Life Extraordinary, immaginata da&nbsp;LG OLED. Per questa edizione, Moooi presenta&nbsp;una mostra multisensoriale che si svolge online e&nbsp;dal vivo a Milano. Il marchio di lifestyle opta per&nbsp;un modus operandi diverso, concentrandosi su&nbsp;un\u2019esperienza sia fisica che digitale, combinando il&nbsp;meglio del design, del lifestyle e della tecnologia.\u201cA Life Extraordinary\u201d di Moooi a Milano . stato&nbsp;immaginato da LG OLED nel Salone dei Tessuti&nbsp;in Via S. Gregorio, 29, 20124, Milano. Con il suo&nbsp;\u201cPortale\u201d, Moooi crea un ambiente immersivo,&nbsp;modellato come quattro interior moods, in cui i&nbsp;mondi del design e della tecnologia si intersecano.&nbsp;Il marchio di lifestyle approfondisce la robotica&nbsp;con IDEO, la leggendaria azienda di design&nbsp;globale, che aggiunge a \u201cA Life Extraordinary\u201d&nbsp;di Moooi un altro livello sensoriale. A Milano,&nbsp;IDEO presenta \u201cPiro\u201d, un diffusore di fragranze&nbsp;danzante che rende vivi gli interior moods di&nbsp;Moooi attraverso il profumo e l\u2019interazione.&nbsp;Moooi ha anche invitato l\u2019artista di Stoccolma Ada&nbsp;Sok\u00f3\u0142 ad approfondire ulteriormente il proprio&nbsp;approccio digitale e tecnologico. Sok\u00f3\u0142 \u00e8 nota&nbsp;per le sue esperienze extrasensoriali e per \u2018A Life&nbsp;Extraordinary\u2019 ha usato la sua arte per trasformare&nbsp;gli animali estinti di Moooi in coinvolgenti opere&nbsp;d\u2019arte 3D. Inoltre, Moooi presenta nuovi prodotti,&nbsp;design ed estensioni con creazioni della designer&nbsp;italiana Cristina Celestino, del duo di design&nbsp;svedese Front e del designer e artista digitale&nbsp;<a>Andr\u00e9s Reisinger&nbsp;e J\u00falia Esqu\u00e9<\/a>. In mostra anche&nbsp;una nuovissima collezione di biancheria da letto,&nbsp;collezioni di rivestimenti per pareti e tappeti.<\/p>\n\n\n\n<p>(<a href=\"http:\/\/encantolive.it\/durante-la-milano-design-week-2022-moooi-presenta-a-life-extraordinary-immaginata-da-lg-oled\/\" target=\"_blank\" rel=\"noreferrer noopener\">continua a leggere qu<\/a><a href=\"http:\/\/encantolive.it\/durante-la-milano-design-week-2022-moooi-presenta-a-life-extraordinary-immaginata-da-lg-oled\/\">i<\/a>)<\/p>\n\n\n\n<p><strong>Press Day e materiali stampa in un QRcode<\/strong><\/p>\n\n\n\n<p>All\u2019evento stampa solo i nostri giornalisti erano piu\u2019 di 70 che immediatamente hanno dato risultati su tutti i principali media italiani e internazionali (<a href=\"https:\/\/www.ad-italia.it\/article\/milano-design-week-2022-appuntamenti-da-non-perdere\/\" target=\"_blank\" rel=\"noreferrer noopener\">AD<\/a>) e (<a href=\"https:\/\/www.thetimes.co.uk\/article\/sexy-surreal-and-stylish-what-our-interiors-editor-saw-at-the-world-s-greatest-design-fair-pjt00jwrp\">TIME<\/a>), ma la copertura mediatica con il servizio fotografico realizzato appena finito l\u2019allestimento\u00a0\u00a0\u00e8 arrivata\u00a0\u00a0anche in Corea Del Sud (<a href=\"https:\/\/www.dezeen.com\/eventsguide\/milan2022\/\">dezeen<\/a>).\u00a0\u00a0L\u2019accredito va sempre seguito con attenzione, con personale professionalmente capace, perch\u00e9 un solo contatto se gestito bene potrebbe dare una svolta all\u2019evento. E cos\u00ec abbiamo organizzato cinque persone tra accoglienza accredito e gestione all\u2019interno della location per presentare le novit\u00e0 dell\u2019installazione. Per tutta la settimana la stampa di tutto il mondo ha visitato la mostra di via San Gregorio e a distanza di mesi le uscite redazionali non sono ancora finite e sono sempre piu\u2019\u00a0\u00a0interessanti. Il press day \u00e8 stato\u00a0\u00a0un vero e proprio open party dedicato a media e influencer il giorno prima dell\u2019apertura ufficiale con anche alcune video interviste fissate per alcuni designer e a Marcel Wande. Un QRcode permetteva di accedere al comunicato e la cartella stampa con le immagini. Immancabile un prestigioso regalo stampa fatto di fragranze per la casa, consegnate a fine mostra.<\/p>\n\n\n\n<p>Alcuni articoli:<\/p>\n\n\n\n<p><a href=\"https:\/\/www.panorama.it\/Moda\/moda-stile\/-2657488802\">PANORAMA<\/a> &#8211; <a href=\"https:\/\/living.corriere.it\/salone-del-mobile\/fuorisalone\/tortona\/page\/2\/\">living.corriere<\/a> &#8211; <a href=\"https:\/\/www.ilgiorno.it\/cronaca\/fuorisalone-2022-1.7738227\">ilGiorno<\/a> &#8211; <a href=\"https:\/\/designwanted.com\/a-life-extraordinary-blending-physical-and-digital\/\">designwanted<\/a> &#8211; <a href=\"https:\/\/www.designboom.com\/design\/moooi-a-life-extraordinary-milan-design-week-06-08-2022\/\">designboom.com<\/a><\/p>\n\n\n\n<p><strong>Focus influencer<\/strong><\/p>\n\n\n\n<p><strong>Gli influencer hanno dato un contributo speciale alla nostra Design Week, perch\u00e9 la mostra si prestava a realizzare dirette e post creativi di sicuro impatto social.&nbsp;<\/strong><\/p>\n\n\n\n<div class=\"wp-block-columns\">\n<div class=\"wp-block-column is-vertically-aligned-top\">\n<figure class=\"wp-block-image size-large\"><a href=\"https:\/\/www.instagram.com\/p\/CegPw2FsxNe\/\"><img loading=\"lazy\" width=\"580\" height=\"1024\" src=\"https:\/\/www.encanto.biz\/blog\/wp-content\/uploads\/2022\/08\/la-tazina-blu-1-580x1024.jpg\" alt=\"\" class=\"wp-image-1623\" srcset=\"https:\/\/www.encanto.biz\/blog\/wp-content\/uploads\/2022\/08\/la-tazina-blu-1-580x1024.jpg 580w, https:\/\/www.encanto.biz\/blog\/wp-content\/uploads\/2022\/08\/la-tazina-blu-1-170x300.jpg 170w, https:\/\/www.encanto.biz\/blog\/wp-content\/uploads\/2022\/08\/la-tazina-blu-1-768x1357.jpg 768w, https:\/\/www.encanto.biz\/blog\/wp-content\/uploads\/2022\/08\/la-tazina-blu-1-870x1536.jpg 870w, https:\/\/www.encanto.biz\/blog\/wp-content\/uploads\/2022\/08\/la-tazina-blu-1-1159x2048.jpg 1159w, https:\/\/www.encanto.biz\/blog\/wp-content\/uploads\/2022\/08\/la-tazina-blu-1.jpg 1254w\" sizes=\"(max-width: 580px) 100vw, 580px\" \/><\/a><\/figure>\n<\/div>\n\n\n\n<div class=\"wp-block-column\">\n<div class=\"wp-block-image\"><figure class=\"aligncenter size-large is-resized\"><a href=\"https:\/\/www.instagram.com\/stories\/highlights\/18161350876222395\/\"><img loading=\"lazy\" src=\"https:\/\/www.encanto.biz\/blog\/wp-content\/uploads\/2022\/08\/Schermata-2022-08-31-alle-09.51.31-1.png\" alt=\"\" class=\"wp-image-1628\" width=\"104\" height=\"138\"\/><\/a><\/figure><\/div>\n\n\n\n<figure class=\"wp-block-image size-large\"><a href=\"https:\/\/www.instagram.com\/p\/CejXY8kNOA4\/\"><img loading=\"lazy\" width=\"580\" height=\"1024\" src=\"https:\/\/www.encanto.biz\/blog\/wp-content\/uploads\/2022\/08\/allessia-foglia-580x1024.jpg\" alt=\"\" class=\"wp-image-1618\" srcset=\"https:\/\/www.encanto.biz\/blog\/wp-content\/uploads\/2022\/08\/allessia-foglia-580x1024.jpg 580w, https:\/\/www.encanto.biz\/blog\/wp-content\/uploads\/2022\/08\/allessia-foglia-170x300.jpg 170w, https:\/\/www.encanto.biz\/blog\/wp-content\/uploads\/2022\/08\/allessia-foglia-768x1357.jpg 768w, https:\/\/www.encanto.biz\/blog\/wp-content\/uploads\/2022\/08\/allessia-foglia-870x1536.jpg 870w, https:\/\/www.encanto.biz\/blog\/wp-content\/uploads\/2022\/08\/allessia-foglia-1159x2048.jpg 1159w, https:\/\/www.encanto.biz\/blog\/wp-content\/uploads\/2022\/08\/allessia-foglia.jpg 1254w\" sizes=\"(max-width: 580px) 100vw, 580px\" \/><\/a><\/figure>\n<\/div>\n\n\n\n<div class=\"wp-block-column\">\n<figure class=\"wp-block-image size-large\"><a href=\"https:\/\/www.instagram.com\/p\/CenxSk4o4Kx\/\"><img loading=\"lazy\" width=\"580\" height=\"1024\" src=\"https:\/\/www.encanto.biz\/blog\/wp-content\/uploads\/2022\/08\/Bellini-1-580x1024.jpg\" alt=\"\" class=\"wp-image-1622\" srcset=\"https:\/\/www.encanto.biz\/blog\/wp-content\/uploads\/2022\/08\/Bellini-1-580x1024.jpg 580w, https:\/\/www.encanto.biz\/blog\/wp-content\/uploads\/2022\/08\/Bellini-1-170x300.jpg 170w, https:\/\/www.encanto.biz\/blog\/wp-content\/uploads\/2022\/08\/Bellini-1-768x1357.jpg 768w, https:\/\/www.encanto.biz\/blog\/wp-content\/uploads\/2022\/08\/Bellini-1-870x1536.jpg 870w, https:\/\/www.encanto.biz\/blog\/wp-content\/uploads\/2022\/08\/Bellini-1-1159x2048.jpg 1159w, https:\/\/www.encanto.biz\/blog\/wp-content\/uploads\/2022\/08\/Bellini-1.jpg 1254w\" sizes=\"(max-width: 580px) 100vw, 580px\" \/><\/a><\/figure>\n<\/div>\n<\/div>\n","protected":false},"excerpt":{"rendered":"<p>Anche se partecipare al Salone del Mobile e al Fuorisalone \u00e8 un\u2019abitudine per molti di noi, va detto che ogni evento \u00e8 sempre un caso a se\u2019, una sorpresa  e si parte sempre da zero per tessere un canovaccio di efficaci relazioni pubbliche. Le installazioni creative dei designer e delle aziende che ci partecipano richiedono sempre un progetto strategico dedicato con un approccio simile a quello che si ha quando si visita per la prima volta una citt\u00e0 e si apre una cartina per capire tutto quello che c\u2019\u00e8 da vedere. <\/p>\n","protected":false},"author":1,"featured_media":1599,"comment_status":"closed","ping_status":"open","sticky":false,"template":"","format":"standard","meta":[],"categories":[2800],"tags":[2933,2930,2940,2936,2937,2875,2889,2939,2935,2934,2938,2941,2897,2942],"yoast_head":"<!-- This site is optimized with the Yoast SEO plugin v16.2 - https:\/\/yoast.com\/wordpress\/plugins\/seo\/ -->\n<title>La Milano Design Week, tutta Public Relations - Encanto PR Blog<\/title>\n<meta name=\"description\" content=\"Anche se partecipare al Salone del Mobile e al Fuorisalone \u00e8 un\u2019abitudine per molti di noi, va detto che ogni evento \u00e8 sempre un caso a\" \/>\n<meta name=\"robots\" content=\"index, follow, max-snippet:-1, max-image-preview:large, max-video-preview:-1\" \/>\n<link rel=\"canonical\" href=\"https:\/\/www.encanto.biz\/blog\/la-milano-design-week-tutta-public-relations\/\" \/>\n<meta property=\"og:locale\" content=\"it_IT\" \/>\n<meta property=\"og:type\" content=\"article\" \/>\n<meta property=\"og:title\" content=\"La Milano Design Week, tutta Public Relations - Encanto PR Blog\" \/>\n<meta property=\"og:description\" content=\"Anche se partecipare al Salone del Mobile e al Fuorisalone \u00e8 un\u2019abitudine per molti di noi, va detto che ogni evento \u00e8 sempre un caso a\" \/>\n<meta property=\"og:url\" content=\"https:\/\/www.encanto.biz\/blog\/la-milano-design-week-tutta-public-relations\/\" \/>\n<meta property=\"og:site_name\" content=\"Encanto PR Blog\" \/>\n<meta property=\"article:published_time\" content=\"2022-08-29T15:35:18+00:00\" \/>\n<meta property=\"article:modified_time\" content=\"2022-08-31T09:32:29+00:00\" \/>\n<meta property=\"og:image\" content=\"http:\/\/www.encanto.biz\/blog\/wp-content\/uploads\/2022\/08\/Schermata-2022-08-29-alle-17.48.20-1024x769.png\" \/>\n\t<meta property=\"og:image:width\" content=\"1024\" \/>\n\t<meta property=\"og:image:height\" content=\"769\" \/>\n<meta name=\"twitter:card\" content=\"summary_large_image\" \/>\n<meta name=\"twitter:label1\" content=\"Tempo di lettura stimato\">\n\t<meta name=\"twitter:data1\" content=\"6 minuti\">\n<script type=\"application\/ld+json\" class=\"yoast-schema-graph\">{\"@context\":\"https:\/\/schema.org\",\"@graph\":[{\"@type\":\"WebSite\",\"@id\":\"https:\/\/www.encanto.biz\/blog\/#website\",\"url\":\"https:\/\/www.encanto.biz\/blog\/\",\"name\":\"Encanto PR Blog\",\"description\":\"The business value of your good stories\",\"potentialAction\":[{\"@type\":\"SearchAction\",\"target\":\"https:\/\/www.encanto.biz\/blog\/?s={search_term_string}\",\"query-input\":\"required name=search_term_string\"}],\"inLanguage\":\"it-IT\"},{\"@type\":\"ImageObject\",\"@id\":\"https:\/\/www.encanto.biz\/blog\/la-milano-design-week-tutta-public-relations\/#primaryimage\",\"inLanguage\":\"it-IT\",\"url\":\"https:\/\/www.encanto.biz\/blog\/wp-content\/uploads\/2022\/08\/Schermata-2022-08-29-alle-17.48.20.png\",\"contentUrl\":\"https:\/\/www.encanto.biz\/blog\/wp-content\/uploads\/2022\/08\/Schermata-2022-08-29-alle-17.48.20.png\",\"width\":1718,\"height\":1290},{\"@type\":\"WebPage\",\"@id\":\"https:\/\/www.encanto.biz\/blog\/la-milano-design-week-tutta-public-relations\/#webpage\",\"url\":\"https:\/\/www.encanto.biz\/blog\/la-milano-design-week-tutta-public-relations\/\",\"name\":\"La Milano Design Week, tutta Public Relations - Encanto PR Blog\",\"isPartOf\":{\"@id\":\"https:\/\/www.encanto.biz\/blog\/#website\"},\"primaryImageOfPage\":{\"@id\":\"https:\/\/www.encanto.biz\/blog\/la-milano-design-week-tutta-public-relations\/#primaryimage\"},\"datePublished\":\"2022-08-29T15:35:18+00:00\",\"dateModified\":\"2022-08-31T09:32:29+00:00\",\"author\":{\"@id\":\"https:\/\/www.encanto.biz\/blog\/#\/schema\/person\/cda125db4047344d9c95b1075092385b\"},\"description\":\"Anche se partecipare al Salone del Mobile e al Fuorisalone \\u00e8 un\\u2019abitudine per molti di noi, va detto che ogni evento \\u00e8 sempre un caso a\",\"breadcrumb\":{\"@id\":\"https:\/\/www.encanto.biz\/blog\/la-milano-design-week-tutta-public-relations\/#breadcrumb\"},\"inLanguage\":\"it-IT\",\"potentialAction\":[{\"@type\":\"ReadAction\",\"target\":[\"https:\/\/www.encanto.biz\/blog\/la-milano-design-week-tutta-public-relations\/\"]}]},{\"@type\":\"BreadcrumbList\",\"@id\":\"https:\/\/www.encanto.biz\/blog\/la-milano-design-week-tutta-public-relations\/#breadcrumb\",\"itemListElement\":[{\"@type\":\"ListItem\",\"position\":1,\"item\":{\"@type\":\"WebPage\",\"@id\":\"https:\/\/www.encanto.biz\/blog\/\",\"url\":\"https:\/\/www.encanto.biz\/blog\/\",\"name\":\"Home\"}},{\"@type\":\"ListItem\",\"position\":2,\"item\":{\"@id\":\"https:\/\/www.encanto.biz\/blog\/la-milano-design-week-tutta-public-relations\/#webpage\"}}]},{\"@type\":\"Person\",\"@id\":\"https:\/\/www.encanto.biz\/blog\/#\/schema\/person\/cda125db4047344d9c95b1075092385b\",\"name\":\"Encanto\",\"sameAs\":[\"http:\/\/www.encanto.biz\/blog\"]}]}<\/script>\n<!-- \/ Yoast SEO plugin. -->","_links":{"self":[{"href":"https:\/\/www.encanto.biz\/blog\/wp-json\/wp\/v2\/posts\/1584"}],"collection":[{"href":"https:\/\/www.encanto.biz\/blog\/wp-json\/wp\/v2\/posts"}],"about":[{"href":"https:\/\/www.encanto.biz\/blog\/wp-json\/wp\/v2\/types\/post"}],"author":[{"embeddable":true,"href":"https:\/\/www.encanto.biz\/blog\/wp-json\/wp\/v2\/users\/1"}],"replies":[{"embeddable":true,"href":"https:\/\/www.encanto.biz\/blog\/wp-json\/wp\/v2\/comments?post=1584"}],"version-history":[{"count":18,"href":"https:\/\/www.encanto.biz\/blog\/wp-json\/wp\/v2\/posts\/1584\/revisions"}],"predecessor-version":[{"id":1645,"href":"https:\/\/www.encanto.biz\/blog\/wp-json\/wp\/v2\/posts\/1584\/revisions\/1645"}],"wp:featuredmedia":[{"embeddable":true,"href":"https:\/\/www.encanto.biz\/blog\/wp-json\/wp\/v2\/media\/1599"}],"wp:attachment":[{"href":"https:\/\/www.encanto.biz\/blog\/wp-json\/wp\/v2\/media?parent=1584"}],"wp:term":[{"taxonomy":"category","embeddable":true,"href":"https:\/\/www.encanto.biz\/blog\/wp-json\/wp\/v2\/categories?post=1584"},{"taxonomy":"post_tag","embeddable":true,"href":"https:\/\/www.encanto.biz\/blog\/wp-json\/wp\/v2\/tags?post=1584"}],"curies":[{"name":"wp","href":"https:\/\/api.w.org\/{rel}","templated":true}]}}