{"id":1547,"date":"2022-01-25T17:12:59","date_gmt":"2022-01-25T16:12:59","guid":{"rendered":"http:\/\/www.encanto.biz\/blog\/?p=1547"},"modified":"2022-01-25T17:13:01","modified_gmt":"2022-01-25T16:13:01","slug":"cna-lombardia-e-losservatorio-economia-e-territorio-un-appuntamento-atteso-dai-media","status":"publish","type":"post","link":"https:\/\/www.encanto.biz\/blog\/cna-lombardia-e-losservatorio-economia-e-territorio-un-appuntamento-atteso-dai-media\/","title":{"rendered":"Cna Lombardia e l\u2019Osservatorio Economia e Territorio, un appuntamento atteso dai media"},"content":{"rendered":"\n<p>A fine novembre sono stati presentati in una conferenza stampa organizzata da noi, i risultati del\u00a0<strong>quinto focus\u00a0<\/strong>dell\u2019<a href=\"https:\/\/www.cnalombardia.it\/comunicazioni\/pil-lombardia-2022-al-47-sopra-ai-livelli-pre-covid-il-quinto-focus-dellosservatori\">Osservatorio\u00a0<strong>Economia<\/strong>\u00a0e\u00a0<strong>Territorio<\/strong><\/a><strong>\u00a0<\/strong>per illustrare i dati pi\u00f9 recenti sull\u2019economia e sul tema del\u00a0<strong>Superbonus<\/strong>\u00a0in Lombardia. \u00a0Si \u00e8 trattato del quinto incontro dell\u2019anno sui dati delle ricerche dell\u2019Osservatorio, ormai un appuntamento fisso per la stampa italiana. Ecco il comunicato.<\/p>\n\n\n\n<p><strong>PIL Lombardia 2022 al +4,7: sopra ai livelli pre-Covid<\/strong><\/p>\n\n\n\n<p>Le ultime proiezioni delineano un quadro economico in sensibile miglioramento rispetto alle stime di luglio. Nel 2021 il PIL della Lombardia dovrebbe crescere del 6,4% riducendo il gap rispetto al periodo pre pandemia a \u00absoli\u00bb 3,4 punti percentuali. Per il 2022 si attende un\u2019ulteriore crescita del PIL del 4,7%, portando l\u2019economia regionale ad un livello superiore a quello del 2019.Dopo il +6,4% di proiezione per il 2021, il\u00a0<strong>PIL 2022<\/strong>\u00a0della\u00a0<strong>Lombardia<\/strong>\u00a0dovrebbe crescere di un ulteriore\u00a0<strong>4,7%<\/strong>, riportando cos\u00ec l\u2019economia della Regione al di sopra dei livelli pre-Covid del 2019. Di pari passo vola anche il\u00a0<strong>Superbonus<\/strong>, che da maggio 2021 fa segnare un\u00a0<strong>+321% di interventi<\/strong>\u00a0per un\u00a0<strong>valore complessivo di 1,5 miliardi di euro<\/strong>.<\/p>\n\n\n\n<p>Sempre sul fronte economico lombardo bene anche gli&nbsp;<strong>investimenti<\/strong>&nbsp;complessivi che si attestano su un&nbsp;<strong>+15,3%<\/strong>&nbsp;nel&nbsp;<strong>2021<\/strong>&nbsp;e un&nbsp;<strong>+6,7%<\/strong>&nbsp;nel&nbsp;<strong>2022<\/strong>, mentre i&nbsp;<strong>consumi<\/strong>&nbsp;restano prudenti, ovvero sotto del 6% rispetto al 2019 e anche nel&nbsp;<strong>2022<\/strong>, pur con un&nbsp;<strong>+5%<\/strong>, non torneranno ai livelli pre-Covid. In sofferenza il&nbsp;<strong>settore turistico,<\/strong>&nbsp;che nei primi otto mesi del 2021 registra s\u00ec un&nbsp;<strong>+24% rispetto al 2020<\/strong>, ma resta&nbsp;<strong>molto lontano dallo stesso periodo del 2019<\/strong>&nbsp;<strong>(-56%)<\/strong>.<\/p>\n\n\n\n<p>Sono questi i risultati presentati questa mattina in conferenza stampa nel quinto Focus relativo all\u2019impatto del Covid 19 sull\u2019economia del territorio e sul sistema casa, secondo quanto emerso dallo studio effettuato dall\u2019<strong>Osservatorio Economia e Territorio del Centro Studi Sintesi per CNA Lombardia<\/strong>.<\/p>\n\n\n\n<p>In riferimento alla situazione economica della Lombardia e alle sue prospettive di ripresa, il&nbsp;<strong>Presidente di CNA Lombardia Giovanni Bozzini<\/strong>&nbsp;commenta:<\/p>\n\n\n\n<p><em>\u00abI dati sono incoraggianti, ma bisogna fare ancora tanto per raggiungere e superare i livelli pre-Covid su tutti i fronti. Vorremmo poter contare su una rinnovata alleanza tra Governo centrale e sistema delle autonomie locali, in primis Regione Lombardia, per focalizzare le risorse del PNRR sui pilastri della competitivit\u00e0 del territorio. Crediamo inoltre che le micro e piccole imprese siano realmente soggetti centrali nel rendere possibile la conversione graduale del sistema economico al nuovo paradigma dell\u2019economia circolare e della sostenibilit\u00e0: non pu\u00f2 esistere un\u2019economia circolare se non lungo le filiere produttive in tutte le loro componenti. Non a caso proprio in queste settimane stiamo dialogando fittamente con Regione Lombardia in materia di rilancio delle filiere e di politiche per le imprese in filiera produttiva\u00bb.<\/em><\/p>\n\n\n\n<p>Sul&nbsp;<strong>Superbonus<\/strong>&nbsp;e sul&nbsp;<strong>sistema casa<\/strong>&nbsp;la posizione di CNA Lombardia \u00e8 chiara:<\/p>\n\n\n\n<p><em>\u00abIn materia di Superbonus, Ecobonus e Bonus Facciate occorre trovare il giusto equilibrio, tra stimoli fiscali e sostenibilit\u00e0 contabile<\/em>&nbsp;\u2013 sottolinea Bozzini -.&nbsp;<em>Il messaggio che abbiamo mandato \u00e8 stato fondamentalmente quello di conferire stabilit\u00e0 agli strumenti intorno a percentuali ragionevoli e a meccanismi semplici per diffondere la fruibilit\u00e0 delle misure, senza escludere nessuna tipologia di edifici. In merito al Dl controlli del governo, \u00e8 fondamentale contrastare gli abusi e le frodi riguardanti gli incentivi del settore casa, ma questo decreto legge rischia di frenare con paletti eccessivi l\u2019uso delle detrazioni e delle cessioni dei crediti per le opere\u00bb.<\/em><\/p>\n\n\n\n<p>Anche il&nbsp;<strong>Segretario Regionale CNA, Stefano Binda<\/strong>, sottolinea:<\/p>\n\n\n\n<p><em>\u00abIl progresso dei vaccini e l\u2019allentamento dei vincoli alla libert\u00e0 di movimento, combinandosi con gli stimoli dei Governi e dell\u2019Unione Europea, stanno generando un rimbalzo che potrebbe consolidarsi come ripresa anche in Lombardia. I settori fondamentali hanno ripreso la loro corsa: merita attenzione un certo ritardo dei consumi e della domanda interna rispetto alla ripresa di PIL, investimenti ed export. Se vogliamo rendere sostenibile il debito del Paese dobbiamo consolidare la crescita nella dimensione della sostenibilit\u00e0 ambientale e dell\u2019economia circolare. Per questo alle forze politiche chiediamo di aiutarci con politiche a medio-lungo termine sostenute dalla necessaria stabilit\u00e0 del quadro politico \u2013 istituzionale\u00bb.<\/em><\/p>\n\n\n\n<p><\/p>\n\n\n\n<p><\/p>\n\n\n\n<p><\/p>\n\n\n\n<p><\/p>\n\n\n\n<p><\/p>\n\n\n\n<p><\/p>\n\n\n\n<p><\/p>\n\n\n\n<blockquote class=\"wp-block-quote\"><p><\/p><\/blockquote>\n","protected":false},"excerpt":{"rendered":"<p>A fine novembre sono stati presentati in una conferenza stampa organizzata da noi, i risultati<\/p>\n","protected":false},"author":1,"featured_media":1548,"comment_status":"closed","ping_status":"open","sticky":false,"template":"","format":"standard","meta":[],"categories":[1],"tags":[2928,2929],"yoast_head":"<!-- This site is optimized with the Yoast SEO plugin v16.2 - https:\/\/yoast.com\/wordpress\/plugins\/seo\/ -->\n<title>Cna Lombardia e l\u2019Osservatorio Economia e Territorio, un appuntamento atteso dai media - Encanto PR Blog<\/title>\n<meta name=\"robots\" content=\"index, follow, max-snippet:-1, max-image-preview:large, max-video-preview:-1\" \/>\n<link rel=\"canonical\" href=\"https:\/\/www.encanto.biz\/blog\/cna-lombardia-e-losservatorio-economia-e-territorio-un-appuntamento-atteso-dai-media\/\" \/>\n<meta property=\"og:locale\" content=\"it_IT\" \/>\n<meta property=\"og:type\" content=\"article\" \/>\n<meta property=\"og:title\" content=\"Cna Lombardia e l\u2019Osservatorio Economia e Territorio, un appuntamento atteso dai media - Encanto PR Blog\" \/>\n<meta property=\"og:description\" content=\"A fine novembre sono stati presentati in una conferenza stampa organizzata da noi, i risultati\" \/>\n<meta property=\"og:url\" content=\"https:\/\/www.encanto.biz\/blog\/cna-lombardia-e-losservatorio-economia-e-territorio-un-appuntamento-atteso-dai-media\/\" \/>\n<meta property=\"og:site_name\" content=\"Encanto PR Blog\" \/>\n<meta property=\"article:published_time\" content=\"2022-01-25T16:12:59+00:00\" \/>\n<meta property=\"article:modified_time\" content=\"2022-01-25T16:13:01+00:00\" \/>\n<meta property=\"og:image\" content=\"http:\/\/www.encanto.biz\/blog\/wp-content\/uploads\/2022\/01\/quinto-focus-economi-a-lombardia.jpg\" \/>\n\t<meta property=\"og:image:width\" content=\"1030\" \/>\n\t<meta property=\"og:image:height\" content=\"511\" \/>\n<meta name=\"twitter:card\" content=\"summary_large_image\" \/>\n<meta name=\"twitter:label1\" content=\"Tempo di lettura stimato\">\n\t<meta name=\"twitter:data1\" content=\"3 minuti\">\n<script type=\"application\/ld+json\" class=\"yoast-schema-graph\">{\"@context\":\"https:\/\/schema.org\",\"@graph\":[{\"@type\":\"WebSite\",\"@id\":\"https:\/\/www.encanto.biz\/blog\/#website\",\"url\":\"https:\/\/www.encanto.biz\/blog\/\",\"name\":\"Encanto PR Blog\",\"description\":\"The business value of your good stories\",\"potentialAction\":[{\"@type\":\"SearchAction\",\"target\":\"https:\/\/www.encanto.biz\/blog\/?s={search_term_string}\",\"query-input\":\"required name=search_term_string\"}],\"inLanguage\":\"it-IT\"},{\"@type\":\"ImageObject\",\"@id\":\"https:\/\/www.encanto.biz\/blog\/cna-lombardia-e-losservatorio-economia-e-territorio-un-appuntamento-atteso-dai-media\/#primaryimage\",\"inLanguage\":\"it-IT\",\"url\":\"https:\/\/www.encanto.biz\/blog\/wp-content\/uploads\/2022\/01\/quinto-focus-economi-a-lombardia.jpg\",\"contentUrl\":\"https:\/\/www.encanto.biz\/blog\/wp-content\/uploads\/2022\/01\/quinto-focus-economi-a-lombardia.jpg\",\"width\":1030,\"height\":511},{\"@type\":\"WebPage\",\"@id\":\"https:\/\/www.encanto.biz\/blog\/cna-lombardia-e-losservatorio-economia-e-territorio-un-appuntamento-atteso-dai-media\/#webpage\",\"url\":\"https:\/\/www.encanto.biz\/blog\/cna-lombardia-e-losservatorio-economia-e-territorio-un-appuntamento-atteso-dai-media\/\",\"name\":\"Cna Lombardia e l\\u2019Osservatorio Economia e Territorio, un appuntamento atteso dai media - Encanto PR Blog\",\"isPartOf\":{\"@id\":\"https:\/\/www.encanto.biz\/blog\/#website\"},\"primaryImageOfPage\":{\"@id\":\"https:\/\/www.encanto.biz\/blog\/cna-lombardia-e-losservatorio-economia-e-territorio-un-appuntamento-atteso-dai-media\/#primaryimage\"},\"datePublished\":\"2022-01-25T16:12:59+00:00\",\"dateModified\":\"2022-01-25T16:13:01+00:00\",\"author\":{\"@id\":\"https:\/\/www.encanto.biz\/blog\/#\/schema\/person\/cda125db4047344d9c95b1075092385b\"},\"breadcrumb\":{\"@id\":\"https:\/\/www.encanto.biz\/blog\/cna-lombardia-e-losservatorio-economia-e-territorio-un-appuntamento-atteso-dai-media\/#breadcrumb\"},\"inLanguage\":\"it-IT\",\"potentialAction\":[{\"@type\":\"ReadAction\",\"target\":[\"https:\/\/www.encanto.biz\/blog\/cna-lombardia-e-losservatorio-economia-e-territorio-un-appuntamento-atteso-dai-media\/\"]}]},{\"@type\":\"BreadcrumbList\",\"@id\":\"https:\/\/www.encanto.biz\/blog\/cna-lombardia-e-losservatorio-economia-e-territorio-un-appuntamento-atteso-dai-media\/#breadcrumb\",\"itemListElement\":[{\"@type\":\"ListItem\",\"position\":1,\"item\":{\"@type\":\"WebPage\",\"@id\":\"https:\/\/www.encanto.biz\/blog\/\",\"url\":\"https:\/\/www.encanto.biz\/blog\/\",\"name\":\"Home\"}},{\"@type\":\"ListItem\",\"position\":2,\"item\":{\"@id\":\"https:\/\/www.encanto.biz\/blog\/cna-lombardia-e-losservatorio-economia-e-territorio-un-appuntamento-atteso-dai-media\/#webpage\"}}]},{\"@type\":\"Person\",\"@id\":\"https:\/\/www.encanto.biz\/blog\/#\/schema\/person\/cda125db4047344d9c95b1075092385b\",\"name\":\"Encanto\",\"sameAs\":[\"http:\/\/www.encanto.biz\/blog\"]}]}<\/script>\n<!-- \/ Yoast SEO plugin. -->","_links":{"self":[{"href":"https:\/\/www.encanto.biz\/blog\/wp-json\/wp\/v2\/posts\/1547"}],"collection":[{"href":"https:\/\/www.encanto.biz\/blog\/wp-json\/wp\/v2\/posts"}],"about":[{"href":"https:\/\/www.encanto.biz\/blog\/wp-json\/wp\/v2\/types\/post"}],"author":[{"embeddable":true,"href":"https:\/\/www.encanto.biz\/blog\/wp-json\/wp\/v2\/users\/1"}],"replies":[{"embeddable":true,"href":"https:\/\/www.encanto.biz\/blog\/wp-json\/wp\/v2\/comments?post=1547"}],"version-history":[{"count":1,"href":"https:\/\/www.encanto.biz\/blog\/wp-json\/wp\/v2\/posts\/1547\/revisions"}],"predecessor-version":[{"id":1549,"href":"https:\/\/www.encanto.biz\/blog\/wp-json\/wp\/v2\/posts\/1547\/revisions\/1549"}],"wp:featuredmedia":[{"embeddable":true,"href":"https:\/\/www.encanto.biz\/blog\/wp-json\/wp\/v2\/media\/1548"}],"wp:attachment":[{"href":"https:\/\/www.encanto.biz\/blog\/wp-json\/wp\/v2\/media?parent=1547"}],"wp:term":[{"taxonomy":"category","embeddable":true,"href":"https:\/\/www.encanto.biz\/blog\/wp-json\/wp\/v2\/categories?post=1547"},{"taxonomy":"post_tag","embeddable":true,"href":"https:\/\/www.encanto.biz\/blog\/wp-json\/wp\/v2\/tags?post=1547"}],"curies":[{"name":"wp","href":"https:\/\/api.w.org\/{rel}","templated":true}]}}