{"id":1455,"date":"2021-09-08T09:24:44","date_gmt":"2021-09-08T08:24:44","guid":{"rendered":"http:\/\/www.encanto.biz\/blog\/?p=1455"},"modified":"2021-09-08T11:35:12","modified_gmt":"2021-09-08T10:35:12","slug":"lequilibrismo-della-comunicazione-su-green-pass-e-mense","status":"publish","type":"post","link":"https:\/\/www.encanto.biz\/blog\/lequilibrismo-della-comunicazione-su-green-pass-e-mense\/","title":{"rendered":"L\u2019equilibrismo della comunicazione su Green Pass e mense"},"content":{"rendered":"\n<p>In queste ore ci stiamo occupando di mense e Green pass sui media, per conto di una delle aziende pi\u00f9 importanti del settore della ristorazione collettiva e facility management. Da met\u00e0 agosto, data in cui il Governo ha preteso che il servizio mensa fosse equiparato a quello dei ristoranti,&nbsp; il nostro lavoro \u00e8 stato quello di mappare posizioni a favore e contro il provvedimento di esibire il Green Pass, e di prepararci a fornire informazioni pratiche e una comunicazione efficace per conto del nostro cliente per rendere agevole la ripresa della pausa pranzo in azienda o a scuola, nonostante il provvedimento del Governo avesse lasciato molto in sospeso.<\/p>\n\n\n\n<p>Ad aggiungere carne sul fuoco, sono scesi in prima linea i sindacati di molte imprese che considerano anticostituzionale il provvedimento. E anche in questo caso l\u2019agenzia ha avuto il compito di seguire i flussi di quello che media e sui social riportavano sull\u2019argomento &nbsp;e allo stesso tempo valorizzare il lavoro del comparto che nel caos generale&nbsp; riesce sempre trovare soluzioni per soddisfare le esigenze &nbsp;di chi ha scelto di vaccinarsi e che quindi pu\u00f2 accedere in mensa e chi no, con forniture di lunch box da consumarsi fuori dalla mensa.<\/p>\n\n\n\n<p>Il settore della \u201cgrande\u201d ristorazione pur mostrando sempre la massima disponibilit\u00e0 ad andare incontro alle aziende clienti deve fare i conti con l\u2019impatto che i nuovi provvedimenti hanno sul business, facendo buon viso a cattivo gioco. Eppure il servizio mensa \u00e8 un servizio prezioso per le aziende, al primo posto quando si parla di welfare per i dipendenti, ormai abituati a considerare la pausa pranzo sullo stesso piano di un buon ristorante. Per non parlare&nbsp; di quanto i &nbsp;genitori siano attenti ai pasti a nelle scuola per i propri figli. Allora forse di ristorazione collettiva se ne dovrebbe parlare di pi\u00f9 e non solo e sempre in termini polemici riducendo un lavoro complessissimo alle rette o il costo pasto. Ne dovremmo parlare per l\u2019impatto sociale che ha sulla nostra salute, il nostro benessere, sulla qualit\u00e0 della nostra giornata. Su come sono cambiati i men\u00f9 e quanto stanno ancora cambiando, di quanto la mensa \u00e8 diventata inclusiva proponendo piatti da tutto il mondo senza rinunciare alla scelta di ingredienti sempre pi\u00f9 locali. Ma anche di quante restrizioni la grande ristorazione \u00e8 costretta a sottostare&nbsp; per garantire pasti in tutta sicurezza o di gare di appalto che richiedono di rispettare standard costosissimi a budget irrisori. Insomma un argomento che coinvolge milioni di consumatori di ogni et\u00e0 insieme a&nbsp; milioni di operatori che ci lavorano che insieme partecipano a un sistema che per diverse ragioni resta sottostimato. &nbsp;<\/p>\n\n\n\n<p>Di seguito le posizioni delle associazioni del settore<\/p>\n\n\n\n<figure class=\"wp-block-embed is-type-wp-embed is-provider-ristorando wp-block-embed-ristorando\"><div class=\"wp-block-embed__wrapper\">\n<blockquote class=\"wp-embedded-content\" data-secret=\"oL46JMCGJ5\"><a href=\"https:\/\/www.ristorando.eu\/2021\/09\/oricon-anir-e-fipe-il-punto-sul-green-pass-nel-foodservice\/\">Oricon, Anir e Fipe: il punto sul green pass nel foodservice<\/a><\/blockquote><iframe class=\"wp-embedded-content\" sandbox=\"allow-scripts\" security=\"restricted\" style=\"position: absolute; clip: rect(1px, 1px, 1px, 1px);\" title=\"&#8220;Oricon, Anir e Fipe: il punto sul green pass nel foodservice&#8221; &#8212; Ristorando\" src=\"https:\/\/www.ristorando.eu\/2021\/09\/oricon-anir-e-fipe-il-punto-sul-green-pass-nel-foodservice\/embed\/#?secret=oL46JMCGJ5\" data-secret=\"oL46JMCGJ5\" width=\"600\" height=\"338\" frameborder=\"0\" marginwidth=\"0\" marginheight=\"0\" scrolling=\"no\"><\/iframe>\n<\/div><\/figure>\n","protected":false},"excerpt":{"rendered":"<p>In queste ore ci stiamo occupando di mense e Green pass sui media, per conto<\/p>\n","protected":false},"author":1,"featured_media":1458,"comment_status":"closed","ping_status":"open","sticky":false,"template":"","format":"standard","meta":[],"categories":[1],"tags":[2888,2884,2885,2887,2886],"yoast_head":"<!-- This site is optimized with the Yoast SEO plugin v16.2 - https:\/\/yoast.com\/wordpress\/plugins\/seo\/ -->\n<title>L\u2019equilibrismo della comunicazione su Green Pass e mense - Encanto PR Blog<\/title>\n<meta name=\"robots\" content=\"index, follow, max-snippet:-1, max-image-preview:large, max-video-preview:-1\" \/>\n<link rel=\"canonical\" href=\"https:\/\/www.encanto.biz\/blog\/lequilibrismo-della-comunicazione-su-green-pass-e-mense\/\" \/>\n<meta property=\"og:locale\" content=\"it_IT\" \/>\n<meta property=\"og:type\" content=\"article\" \/>\n<meta property=\"og:title\" content=\"L\u2019equilibrismo della comunicazione su Green Pass e mense - Encanto PR Blog\" \/>\n<meta property=\"og:description\" content=\"In queste ore ci stiamo occupando di mense e Green pass sui media, per conto\" \/>\n<meta property=\"og:url\" content=\"https:\/\/www.encanto.biz\/blog\/lequilibrismo-della-comunicazione-su-green-pass-e-mense\/\" \/>\n<meta property=\"og:site_name\" content=\"Encanto PR Blog\" \/>\n<meta property=\"article:published_time\" content=\"2021-09-08T08:24:44+00:00\" \/>\n<meta property=\"article:modified_time\" content=\"2021-09-08T10:35:12+00:00\" \/>\n<meta property=\"og:image\" content=\"http:\/\/www.encanto.biz\/blog\/wp-content\/uploads\/2021\/09\/mangiare-in-mensa_01.jpg\" \/>\n\t<meta property=\"og:image:width\" content=\"1535\" \/>\n\t<meta property=\"og:image:height\" content=\"1021\" \/>\n<meta name=\"twitter:card\" content=\"summary_large_image\" \/>\n<meta name=\"twitter:label1\" content=\"Tempo di lettura stimato\">\n\t<meta name=\"twitter:data1\" content=\"2 minuti\">\n<script type=\"application\/ld+json\" class=\"yoast-schema-graph\">{\"@context\":\"https:\/\/schema.org\",\"@graph\":[{\"@type\":\"WebSite\",\"@id\":\"https:\/\/www.encanto.biz\/blog\/#website\",\"url\":\"https:\/\/www.encanto.biz\/blog\/\",\"name\":\"Encanto PR Blog\",\"description\":\"The business value of your good stories\",\"potentialAction\":[{\"@type\":\"SearchAction\",\"target\":\"https:\/\/www.encanto.biz\/blog\/?s={search_term_string}\",\"query-input\":\"required name=search_term_string\"}],\"inLanguage\":\"it-IT\"},{\"@type\":\"ImageObject\",\"@id\":\"https:\/\/www.encanto.biz\/blog\/lequilibrismo-della-comunicazione-su-green-pass-e-mense\/#primaryimage\",\"inLanguage\":\"it-IT\",\"url\":\"https:\/\/www.encanto.biz\/blog\/wp-content\/uploads\/2021\/09\/mangiare-in-mensa_01.jpg\",\"contentUrl\":\"https:\/\/www.encanto.biz\/blog\/wp-content\/uploads\/2021\/09\/mangiare-in-mensa_01.jpg\",\"width\":1535,\"height\":1021},{\"@type\":\"WebPage\",\"@id\":\"https:\/\/www.encanto.biz\/blog\/lequilibrismo-della-comunicazione-su-green-pass-e-mense\/#webpage\",\"url\":\"https:\/\/www.encanto.biz\/blog\/lequilibrismo-della-comunicazione-su-green-pass-e-mense\/\",\"name\":\"L\\u2019equilibrismo della comunicazione su Green Pass e mense - Encanto PR Blog\",\"isPartOf\":{\"@id\":\"https:\/\/www.encanto.biz\/blog\/#website\"},\"primaryImageOfPage\":{\"@id\":\"https:\/\/www.encanto.biz\/blog\/lequilibrismo-della-comunicazione-su-green-pass-e-mense\/#primaryimage\"},\"datePublished\":\"2021-09-08T08:24:44+00:00\",\"dateModified\":\"2021-09-08T10:35:12+00:00\",\"author\":{\"@id\":\"https:\/\/www.encanto.biz\/blog\/#\/schema\/person\/cda125db4047344d9c95b1075092385b\"},\"breadcrumb\":{\"@id\":\"https:\/\/www.encanto.biz\/blog\/lequilibrismo-della-comunicazione-su-green-pass-e-mense\/#breadcrumb\"},\"inLanguage\":\"it-IT\",\"potentialAction\":[{\"@type\":\"ReadAction\",\"target\":[\"https:\/\/www.encanto.biz\/blog\/lequilibrismo-della-comunicazione-su-green-pass-e-mense\/\"]}]},{\"@type\":\"BreadcrumbList\",\"@id\":\"https:\/\/www.encanto.biz\/blog\/lequilibrismo-della-comunicazione-su-green-pass-e-mense\/#breadcrumb\",\"itemListElement\":[{\"@type\":\"ListItem\",\"position\":1,\"item\":{\"@type\":\"WebPage\",\"@id\":\"https:\/\/www.encanto.biz\/blog\/\",\"url\":\"https:\/\/www.encanto.biz\/blog\/\",\"name\":\"Home\"}},{\"@type\":\"ListItem\",\"position\":2,\"item\":{\"@id\":\"https:\/\/www.encanto.biz\/blog\/lequilibrismo-della-comunicazione-su-green-pass-e-mense\/#webpage\"}}]},{\"@type\":\"Person\",\"@id\":\"https:\/\/www.encanto.biz\/blog\/#\/schema\/person\/cda125db4047344d9c95b1075092385b\",\"name\":\"Encanto\",\"sameAs\":[\"http:\/\/www.encanto.biz\/blog\"]}]}<\/script>\n<!-- \/ Yoast SEO plugin. -->","_links":{"self":[{"href":"https:\/\/www.encanto.biz\/blog\/wp-json\/wp\/v2\/posts\/1455"}],"collection":[{"href":"https:\/\/www.encanto.biz\/blog\/wp-json\/wp\/v2\/posts"}],"about":[{"href":"https:\/\/www.encanto.biz\/blog\/wp-json\/wp\/v2\/types\/post"}],"author":[{"embeddable":true,"href":"https:\/\/www.encanto.biz\/blog\/wp-json\/wp\/v2\/users\/1"}],"replies":[{"embeddable":true,"href":"https:\/\/www.encanto.biz\/blog\/wp-json\/wp\/v2\/comments?post=1455"}],"version-history":[{"count":2,"href":"https:\/\/www.encanto.biz\/blog\/wp-json\/wp\/v2\/posts\/1455\/revisions"}],"predecessor-version":[{"id":1459,"href":"https:\/\/www.encanto.biz\/blog\/wp-json\/wp\/v2\/posts\/1455\/revisions\/1459"}],"wp:featuredmedia":[{"embeddable":true,"href":"https:\/\/www.encanto.biz\/blog\/wp-json\/wp\/v2\/media\/1458"}],"wp:attachment":[{"href":"https:\/\/www.encanto.biz\/blog\/wp-json\/wp\/v2\/media?parent=1455"}],"wp:term":[{"taxonomy":"category","embeddable":true,"href":"https:\/\/www.encanto.biz\/blog\/wp-json\/wp\/v2\/categories?post=1455"},{"taxonomy":"post_tag","embeddable":true,"href":"https:\/\/www.encanto.biz\/blog\/wp-json\/wp\/v2\/tags?post=1455"}],"curies":[{"name":"wp","href":"https:\/\/api.w.org\/{rel}","templated":true}]}}