{"id":107,"date":"2016-10-10T16:01:00","date_gmt":"2016-10-10T16:01:00","guid":{"rendered":"http:\/\/www.encanto.biz\/blog\/uncategorized\/il-2-festival-della-mostarda-eccellenza-della-tradizione-lombarda-dal-sapore-contemporaneo\/"},"modified":"2020-11-20T10:56:07","modified_gmt":"2020-11-20T10:56:07","slug":"il-2-festival-della-mostarda-eccellenza-della-tradizione-lombarda-dal-sapore-contemporaneo","status":"publish","type":"post","link":"https:\/\/www.encanto.biz\/blog\/il-2-festival-della-mostarda-eccellenza-della-tradizione-lombarda-dal-sapore-contemporaneo\/","title":{"rendered":"Il 2\u00b0 Festival della Mostarda: eccellenza della tradizione lombarda dal sapore contemporaneo"},"content":{"rendered":"<div style=\"mso-layout-grid-align: none; mso-pagination: none; text-autospace: none;\"><\/div>\n<div style=\"margin-bottom: 12.0pt; mso-layout-grid-align: none; mso-pagination: none; text-align: center; text-autospace: none;\" align=\"center\"><i style=\"mso-bidi-font-style: normal;\"><span style=\"font-family: 'calibri'; font-size: 11.0pt; font-weight: normal;\">Degustazioni, visite guidate, talk show e DJ Set per riscoprire la mostarda, patrimonio gastronomico lombardo. Quest\u2019anno l\u2019edizione si amplia e coinvolge anche Pavia, oltre che Cremona, Mantova e Milano<\/span><\/i><a style=\"clear: left; display: inline !important; margin-bottom: 1em; margin-right: 1em;\" href=\"https:\/\/3.bp.blogspot.com\/-52crpRmAOwo\/V_u69BD7AxI\/AAAAAAAAA9E\/xeLvGfh1auUtXRwozhQYeS8QBnWxD0bYACLcB\/s1600\/DSC_3721.JPG\"><img loading=\"lazy\" src=\"https:\/\/3.bp.blogspot.com\/-52crpRmAOwo\/V_u69BD7AxI\/AAAAAAAAA9E\/xeLvGfh1auUtXRwozhQYeS8QBnWxD0bYACLcB\/s640\/DSC_3721.JPG\" width=\"640\" height=\"424\" border=\"0\" \/><\/a><\/div>\n<div style=\"clear: both; text-align: left;\"><span style=\"font-family: 'calibri'; font-size: 10.5pt; text-align: justify;\">Dopo il successo della prima edizione, il 15 e il 16 ottobre le citt\u00e0 di Cremona, Mantova e per la prima volta anche Pavia ospiteranno il secondo \u201cFestival della Mostarda\u201d, una manifestazione interamente dedicata a una delle eccellenze della tradizione lombarda. La mostarda sar\u00e0 ospite d\u2019eccezione anche a Milano dal 5 al 7 novembre a Golosaria.<\/span><\/div>\n<div style=\"mso-layout-grid-align: none; mso-pagination: none; text-align: justify; text-autospace: none;\"><\/div>\n<div style=\"mso-layout-grid-align: none; mso-pagination: none; text-align: justify; text-autospace: none;\"><span style=\"font-family: 'calibri'; font-size: 10.5pt; font-weight: normal;\">Il Festival, nato dalla collaborazione fra Regione Lombardia, Unioncamere Lombardia e le Camere di Commercio di Cremona, Mantova e Pavia si propone di valorizzare un prodotto culinario tipico dell\u2019Italia settentrionale, sottolineandone la grande valenza attraverso nuove e creative interpretazioni in cui la tradizione gastronomica incontra la cucina contemporanea in accostamenti inusuali non legati alla stagionalit\u00e0.<\/span><\/div>\n<div><\/div>\n<div style=\"text-align: justify;\"><span style=\"font-family: 'calibri'; font-size: 10.5pt;\">Nella due giorni di Cremona e Mantova i numerosi appuntamenti \u2013 visite guidate, talk show, degustazioni, DJ Set, laboratori per bambini \u2013 alla presenza dei rappresentanti delle istituzioni, chef illustri e produttori di mostarda, consentiranno di far conoscere e valorizzare il ruolo economico e culturale di uno dei prodotti pi\u00f9 antichi del territorio lombardo. Dal 15 ottobre<a href=\"https:\/\/www.blogger.com\/blogger.g?blogID=6702815998649566972\" name=\"_GoBack\"><\/a> in avanti i ristoratori delle citt\u00e0 coinvolte proporranno piatti a tema.<\/span><\/div>\n<div style=\"mso-layout-grid-align: none; mso-pagination: none; text-align: justify; text-autospace: none;\"><\/div>\n<div style=\"mso-layout-grid-align: none; mso-pagination: none; text-align: justify; text-autospace: none;\"><span style=\"color: black; font-family: 'calibri'; font-size: 10.5pt; font-weight: normal;\">\u201cDopo il riscontro ottenuto lo scorso anno siamo lieti di presentare la seconda edizione del Festival della Mostarda, che promuove un\u2019eccellenza della cucina lombarda \u2013 dichiara l\u2019assessore all\u2019Agricoltura della<\/span><span style=\"font-family: 'calibri'; font-size: 10.5pt; font-weight: normal;\"> Lombardia, Gianni Fava. \u2013 Attraverso la manifestazione, che coinvolge quest\u2019anno anche la produzione pavese, ci poniamo l\u2019obiettivo di valorizzare un grande prodotto tipico declinandolo in maniera classica o innovativa, grazie all\u2019abilit\u00e0 degli chef e alla passione dei produttori locali. Ma sempre nel segno della qualit\u00e0\u201d.<\/span><\/div>\n<div style=\"mso-layout-grid-align: none; mso-pagination: none; text-align: justify; text-autospace: none;\"><\/div>\n<div style=\"mso-layout-grid-align: none; mso-pagination: none; text-align: justify; text-autospace: none;\"><span style=\"font-family: 'calibri'; font-size: 10.5pt; font-weight: normal;\">\u201cLe produzioni del territorio meritano di essere riscoperte in modo nuovo \u2013 conferma il Presidente di Unioncamere Lombardia Giandomenico Auricchio \u2013 perch\u00e9 dalle nostre tradizioni possono nascere delle vere e proprie sorprese di gusto e qualit\u00e0. Prodotti pressoch\u00e9 immutati da secoli continuano a incontrare il favore dei palati pi\u00f9 esigenti proprio perch\u00e9 sono sperimentati nelle loro qualit\u00e0 organolettiche e nutrizionali. \u00c8 giunto il momento di rendere loro giustizia anche nei luoghi dove sono nati e conservati nella loro unicit\u00e0: i palazzi e le ville di delizia della pianura lombarda, in un binomio culturale-gastronomico che non ha eguali nel mondo\u201d.<\/span><\/div>\n<div style=\"mso-layout-grid-align: none; mso-pagination: none; text-align: justify; text-autospace: none;\"><\/div>\n<div style=\"margin-bottom: 0cm; text-align: justify;\"><span style=\"font-family: 'calibri'; font-size: 10.5pt;\">\u201cLa produzione di Mostarda \u2013 afferma il presidente di Unioncamere Lombardia Gian Domenico Auricchio &#8211; riveste una significativa rilevanza economica sul territorio lombardo, con un mercato stimato in oltre 12 milioni di euro, un valore che pu\u00f2 essere senz\u2019altro aumentato attraverso nuove modalit\u00e0 di impiego e la destagionalizzazione del consumo. Iniziative come il Festival della Mostarda vanno proprio in questa direzione e rappresentano un\u2019occasione importante di promozione del territorio, divenendo elemento di traino anche ai fini dello sviluppo di un turismo di qualit\u00e0\u201d.<\/span><\/div>\n<div style=\"mso-layout-grid-align: none; mso-pagination: none; text-align: justify; text-autospace: none;\"><\/div>\n<div style=\"mso-layout-grid-align: none; mso-pagination: none; text-align: justify; text-autospace: none;\"><span style=\"font-family: 'calibri'; font-size: 10.5pt; font-weight: normal;\">Aggiunge Paolo Massobrio, giornalista enogastronomico e di economia agricola: \u201cLa mostarda \u00e8 un prodotto artigianale carico di storia e rappresentativo del territorio lombardo: il Festival \u00e8 un\u2019ottima occasione per farla conoscere ad un pubblico pi\u00f9 vasto e allo stesso tempo destagionalizzarla dal tipico consumo invernale, infatti \u00e8 di solito abbinata ai bolliti, sperimentando nuovi abbinamenti che la rendano un alimento da provare durante tutto l\u2019anno per esaltare e valorizzare le pietanze\u201d.<\/span><\/div>\n<div style=\"mso-layout-grid-align: none; mso-pagination: none; text-align: justify; text-autospace: none;\"><\/div>\n<div style=\"mso-layout-grid-align: none; mso-pagination: none; text-align: justify; text-autospace: none;\"><span style=\"font-family: 'calibri'; font-size: 10.5pt; font-weight: normal;\">Il Festival prender\u00e0 il via in contemporanea sabato 15 ottobre nelle citt\u00e0 di Mantova e Cremona con un calendario ricco di degustazioni, eventi aperti al <\/span><span style=\"font-family: 'calibri'; font-size: 10.5pt; font-weight: normal;\">pubblico e la partecipazione dei produttori anche di Pavia.<\/span><\/div>\n<div style=\"text-align: justify;\"><\/div>\n<div style=\"text-align: justify;\"><i style=\"mso-bidi-font-style: normal;\"><span style=\"font-family: 'calibri'; font-size: 10.5pt;\"><b>Mantova 15-16 ottobre<\/b><\/span><\/i><\/div>\n<div style=\"text-align: justify;\"><span style=\"font-family: 'calibri'; font-size: 10.5pt; font-weight: normal;\">A Mantova il Festival prevede il 15 ottobre una visita guidata a Palazzo Te, villa suburbana dei Gonzaga, luogo di feste e delizie per i principi di Mantova nel Rinascimento. Il percorso si snoder\u00e0 tra storia e curiosit\u00e0 per terminare con un piccante assaggio di Mostarda. <i style=\"mso-bidi-font-style: normal;\">(Dalle 19.30 alle 22.30 \u2013 Ingresso gratuito fino ad esaurimento posti)<\/i> <\/span><\/div>\n<div style=\"text-align: justify;\"><span style=\"font-family: 'calibri'; font-size: 10.5pt; font-weight: normal;\">Domenica 16, nella Loggia del Grano di Palazzo Andreani, \u00e8 prevista dalle ore 10 alle 19 l\u2019esposizione e degustazione di eccellenze gastronomiche con i produttori di mostarda, il Consorzio Tutela Grana Padano e il Consorzio Parmigiano Reggiano. <\/span><\/div>\n<div style=\"mso-layout-grid-align: none; mso-pagination: none; text-align: justify; text-autospace: none;\"><span style=\"font-family: 'calibri'; font-size: 10.5pt; font-weight: normal;\">Nel cuore del festival, a partire dalle 16 sempre alla Loggia del Grano, prender\u00e0 avvio il talk show condotto da Paolo Massobrio, giornalista di economia agricola ed enogastronomica, con focus sulle cascine lombarde e sulla loro cucina rurale, da sempre patrimonio dei grandi ristoranti. Ospite d\u2019onore il cantautore Francesco Fasano con le sue performance musicali. <\/span><\/div>\n<div style=\"text-align: justify;\"><\/div>\n<div style=\"text-align: justify;\"><i style=\"mso-bidi-font-style: normal;\"><span style=\"font-family: 'calibri'; font-size: 10.5pt;\"><b>Cremona 15-16 ottobre<\/b><\/span><\/i><\/div>\n<div style=\"text-align: justify;\"><span style=\"font-family: 'calibri'; font-size: 10.5pt; font-weight: normal;\">A Cremona il Festival si terr\u00e0 nel PalaMostarda, presso i Giardini Pubblici di Piazza Roma, con spazi espositivi visitabili durante tutto il giorno (15 ottobre dalle ore 10 alle 24, 16 ottobre dalle ore 10 alle 19).<\/span><\/div>\n<div style=\"text-align: justify;\"><span style=\"font-family: 'calibri'; font-size: 10.5pt; font-weight: normal;\">Sabato 15 ottobre alle ore 10.30 \u00e8 previsto l\u2019incontro \u201cLa mostra e gli abbinamenti\u201d con Carla Bertinelli Spotti e due momenti gastronomici: alle 12.30 l\u2019Aperitivo e alle 14.00 le Degustazioni guidate dei produttori. <\/span><\/div>\n<div style=\"text-align: justify;\"><span style=\"font-family: 'calibri'; font-size: 10.5pt; font-weight: normal;\">Alle ore 15.30 ci sar\u00e0 il \u201cMostarda Kids\u201d un laboratorio per bambini e la sera dalle 19.00 alle 23.00 DJ Set \u201cMostarDJ\u201d con musica e degustazioni a base di mostarda. <\/span><\/div>\n<div style=\"text-align: justify;\"><span style=\"font-family: 'calibri'; font-size: 10.5pt; font-weight: normal;\">Domenica 16 ottobre alle ore 10.30 \u00e8 previsto l\u2019incontro \u201cUgo Tognazzi, tra cinema e cucina, con un pizzico di Mostarda\u201d con Fabrizio Natalini, alle ore 12.00 verr\u00e0 presentato il Gran Bollito Cremonese con la Mostarda e nel pomeriggio, oltre alle degustazioni guidate dei produttori, verranno presentati alle ore 16.00 il gelato gastronomico alla Mostarda e il sorbetto, in collaborazione con l\u2019Accademia Italiana della Cucina.<\/span><\/div>\n<div><\/div>\n<div><i style=\"mso-bidi-font-style: normal;\"><span style=\"font-family: 'calibri'; font-size: 10.5pt;\"><b>Milano 5-7 novembre<\/b><\/span><\/i><span style=\"font-family: 'calibri'; font-size: 10.5pt;\"><b> &#8211; Golosaria<\/b><\/span><\/div>\n<div style=\"text-align: justify;\"><span style=\"font-family: 'calibri'; font-size: 10.5pt; font-weight: normal;\">Infine a Milano dal 5 al 7 novembre \u00e8 previsto un focus del Festival della Mostarda a Golosaria con la partecipazione di Regione Lombardia Agricoltura in un\u2019area espositiva tematizzata con degustazioni di diverse specialit\u00e0 di mostarda, offerta dai produttori lombardi. <\/span><\/div>\n<div><span style=\"font-family: 'calibri'; font-size: 10.5pt;\"><a href=\"http:\/\/www.golosaria.it\/mila2016\"><span style=\"font-weight: normal; mso-fareast-font-family: Calibri; mso-fareast-language: EN-US;\">http:\/\/www.golosaria.it\/mila2016<\/span><\/a><\/span><\/div>\n<div style=\"mso-layout-grid-align: none; mso-pagination: none; text-autospace: none;\"><\/div>\n<div style=\"mso-layout-grid-align: none; mso-pagination: none; text-autospace: none;\"><\/div>\n<div style=\"mso-layout-grid-align: none; mso-pagination: none; text-autospace: none;\"><\/div>\n","protected":false},"excerpt":{"rendered":"<p>Degustazioni, visite guidate, talk show e DJ Set per riscoprire la mostarda, patrimonio gastronomico lombardo.<\/p>\n","protected":false},"author":1,"featured_media":730,"comment_status":"closed","ping_status":"open","sticky":false,"template":"","format":"standard","meta":[],"categories":[2816,2800],"tags":[],"yoast_head":"<!-- This site is optimized with the Yoast SEO plugin v16.2 - https:\/\/yoast.com\/wordpress\/plugins\/seo\/ -->\n<title>Il 2\u00b0 Festival della Mostarda: eccellenza della tradizione lombarda dal sapore contemporaneo - Encanto PR Blog<\/title>\n<meta name=\"robots\" content=\"index, follow, max-snippet:-1, max-image-preview:large, max-video-preview:-1\" \/>\n<link rel=\"canonical\" href=\"https:\/\/www.encanto.biz\/blog\/il-2-festival-della-mostarda-eccellenza-della-tradizione-lombarda-dal-sapore-contemporaneo\/\" \/>\n<meta property=\"og:locale\" content=\"it_IT\" \/>\n<meta property=\"og:type\" content=\"article\" \/>\n<meta property=\"og:title\" content=\"Il 2\u00b0 Festival della Mostarda: eccellenza della tradizione lombarda dal sapore contemporaneo - Encanto PR Blog\" \/>\n<meta property=\"og:description\" content=\"Degustazioni, visite guidate, talk show e DJ Set per riscoprire la mostarda, patrimonio gastronomico lombardo.\" \/>\n<meta property=\"og:url\" content=\"https:\/\/www.encanto.biz\/blog\/il-2-festival-della-mostarda-eccellenza-della-tradizione-lombarda-dal-sapore-contemporaneo\/\" \/>\n<meta property=\"og:site_name\" content=\"Encanto PR Blog\" \/>\n<meta property=\"article:published_time\" content=\"2016-10-10T16:01:00+00:00\" \/>\n<meta property=\"article:modified_time\" content=\"2020-11-20T10:56:07+00:00\" \/>\n<meta property=\"og:image\" content=\"https:\/\/3.bp.blogspot.com\/-52crpRmAOwo\/V_u69BD7AxI\/AAAAAAAAA9E\/xeLvGfh1auUtXRwozhQYeS8QBnWxD0bYACLcB\/s640\/DSC_3721.JPG\" \/>\n<meta name=\"twitter:card\" content=\"summary_large_image\" \/>\n<meta name=\"twitter:label1\" content=\"Tempo di lettura stimato\">\n\t<meta name=\"twitter:data1\" content=\"5 minuti\">\n<script type=\"application\/ld+json\" class=\"yoast-schema-graph\">{\"@context\":\"https:\/\/schema.org\",\"@graph\":[{\"@type\":\"WebSite\",\"@id\":\"https:\/\/www.encanto.biz\/blog\/#website\",\"url\":\"https:\/\/www.encanto.biz\/blog\/\",\"name\":\"Encanto PR Blog\",\"description\":\"The business value of your good stories\",\"potentialAction\":[{\"@type\":\"SearchAction\",\"target\":\"https:\/\/www.encanto.biz\/blog\/?s={search_term_string}\",\"query-input\":\"required name=search_term_string\"}],\"inLanguage\":\"it-IT\"},{\"@type\":\"ImageObject\",\"@id\":\"https:\/\/www.encanto.biz\/blog\/il-2-festival-della-mostarda-eccellenza-della-tradizione-lombarda-dal-sapore-contemporaneo\/#primaryimage\",\"inLanguage\":\"it-IT\",\"url\":\"https:\/\/www.encanto.biz\/blog\/wp-content\/uploads\/2016\/10\/DSC_3803Bcopia.jpg\",\"contentUrl\":\"https:\/\/www.encanto.biz\/blog\/wp-content\/uploads\/2016\/10\/DSC_3803Bcopia.jpg\",\"width\":1600,\"height\":1064},{\"@type\":\"WebPage\",\"@id\":\"https:\/\/www.encanto.biz\/blog\/il-2-festival-della-mostarda-eccellenza-della-tradizione-lombarda-dal-sapore-contemporaneo\/#webpage\",\"url\":\"https:\/\/www.encanto.biz\/blog\/il-2-festival-della-mostarda-eccellenza-della-tradizione-lombarda-dal-sapore-contemporaneo\/\",\"name\":\"Il 2\\u00b0 Festival della Mostarda: eccellenza della tradizione lombarda dal sapore contemporaneo - Encanto PR Blog\",\"isPartOf\":{\"@id\":\"https:\/\/www.encanto.biz\/blog\/#website\"},\"primaryImageOfPage\":{\"@id\":\"https:\/\/www.encanto.biz\/blog\/il-2-festival-della-mostarda-eccellenza-della-tradizione-lombarda-dal-sapore-contemporaneo\/#primaryimage\"},\"datePublished\":\"2016-10-10T16:01:00+00:00\",\"dateModified\":\"2020-11-20T10:56:07+00:00\",\"author\":{\"@id\":\"https:\/\/www.encanto.biz\/blog\/#\/schema\/person\/cda125db4047344d9c95b1075092385b\"},\"breadcrumb\":{\"@id\":\"https:\/\/www.encanto.biz\/blog\/il-2-festival-della-mostarda-eccellenza-della-tradizione-lombarda-dal-sapore-contemporaneo\/#breadcrumb\"},\"inLanguage\":\"it-IT\",\"potentialAction\":[{\"@type\":\"ReadAction\",\"target\":[\"https:\/\/www.encanto.biz\/blog\/il-2-festival-della-mostarda-eccellenza-della-tradizione-lombarda-dal-sapore-contemporaneo\/\"]}]},{\"@type\":\"BreadcrumbList\",\"@id\":\"https:\/\/www.encanto.biz\/blog\/il-2-festival-della-mostarda-eccellenza-della-tradizione-lombarda-dal-sapore-contemporaneo\/#breadcrumb\",\"itemListElement\":[{\"@type\":\"ListItem\",\"position\":1,\"item\":{\"@type\":\"WebPage\",\"@id\":\"https:\/\/www.encanto.biz\/blog\/\",\"url\":\"https:\/\/www.encanto.biz\/blog\/\",\"name\":\"Home\"}},{\"@type\":\"ListItem\",\"position\":2,\"item\":{\"@id\":\"https:\/\/www.encanto.biz\/blog\/il-2-festival-della-mostarda-eccellenza-della-tradizione-lombarda-dal-sapore-contemporaneo\/#webpage\"}}]},{\"@type\":\"Person\",\"@id\":\"https:\/\/www.encanto.biz\/blog\/#\/schema\/person\/cda125db4047344d9c95b1075092385b\",\"name\":\"Encanto\",\"sameAs\":[\"http:\/\/www.encanto.biz\/blog\"]}]}<\/script>\n<!-- \/ Yoast SEO plugin. -->","_links":{"self":[{"href":"https:\/\/www.encanto.biz\/blog\/wp-json\/wp\/v2\/posts\/107"}],"collection":[{"href":"https:\/\/www.encanto.biz\/blog\/wp-json\/wp\/v2\/posts"}],"about":[{"href":"https:\/\/www.encanto.biz\/blog\/wp-json\/wp\/v2\/types\/post"}],"author":[{"embeddable":true,"href":"https:\/\/www.encanto.biz\/blog\/wp-json\/wp\/v2\/users\/1"}],"replies":[{"embeddable":true,"href":"https:\/\/www.encanto.biz\/blog\/wp-json\/wp\/v2\/comments?post=107"}],"version-history":[{"count":1,"href":"https:\/\/www.encanto.biz\/blog\/wp-json\/wp\/v2\/posts\/107\/revisions"}],"predecessor-version":[{"id":731,"href":"https:\/\/www.encanto.biz\/blog\/wp-json\/wp\/v2\/posts\/107\/revisions\/731"}],"wp:featuredmedia":[{"embeddable":true,"href":"https:\/\/www.encanto.biz\/blog\/wp-json\/wp\/v2\/media\/730"}],"wp:attachment":[{"href":"https:\/\/www.encanto.biz\/blog\/wp-json\/wp\/v2\/media?parent=107"}],"wp:term":[{"taxonomy":"category","embeddable":true,"href":"https:\/\/www.encanto.biz\/blog\/wp-json\/wp\/v2\/categories?post=107"},{"taxonomy":"post_tag","embeddable":true,"href":"https:\/\/www.encanto.biz\/blog\/wp-json\/wp\/v2\/tags?post=107"}],"curies":[{"name":"wp","href":"https:\/\/api.w.org\/{rel}","templated":true}]}}